{"id":810,"date":"2016-05-18T10:30:50","date_gmt":"2016-05-18T08:30:50","guid":{"rendered":"http:\/\/jmhuarte.educacion.navarra.es\/web1\/?p=810"},"modified":"2018-02-20T17:25:35","modified_gmt":"2018-02-20T16:25:35","slug":"expression-ecrite-en-classe-de-francais","status":"publish","type":"post","link":"https:\/\/jmhuarte.educacion.navarra.es\/web1\/2016\/05\/18\/expression-ecrite-en-classe-de-francais\/","title":{"rendered":"Expression \u00e9crite en classe de Fran\u00e7ais"},"content":{"rendered":"<div>Et voila deux cahiers , r\u00e9alis\u00e9s par les \u00e9l\u00e8ves de 4\u00ba et 5\u00ba.<\/div>\n<div>Dans le premier, les \u00e9l\u00e8ves de 4\u00ba d\u00e9crivent leur animal pr\u00e9f\u00e9r\u00e9, et dans le second, les \u00e9l\u00e8ves de 5\u00ba parlent de leur famille.<\/div>\n<div>Bonne lecture.<\/div>\n<div><\/div>\n<div><\/div>\n<div style=\"text-align: center;\">\n<div style=\"margin: 8px 0px 4px;\"><a href=\"http:\/\/www.calameo.com\/books\/004059987d7868dc81815\" target=\"_blank\">Description 5\u00ba<\/a><\/div>\n<p><iframe loading=\"lazy\" style=\"margin: 0 auto;\" src=\"\/\/v.calameo.com\/?bkcode=004059987d7868dc81815&amp;mode=mini&amp;showsharemenu=false&amp;clickto=view&amp;clicktarget=_self\" width=\"560\" height=\"350\" frameborder=\"0\" scrolling=\"no\" allowfullscreen=\"allowfullscreen\"><\/iframe><\/p>\n<div style=\"margin: 4px 0px 8px;\"><\/div>\n<\/div>\n<div style=\"text-align: center;\">\n<div style=\"margin: 8px 0px 4px;\"><a href=\"http:\/\/www.calameo.com\/books\/004059987dce0f348cc9e\" target=\"_blank\">Nos Animaux Pr\u00e9f\u00e9r\u00e9s<\/a><\/div>\n<p><iframe loading=\"lazy\" style=\"margin: 0 auto;\" src=\"\/\/v.calameo.com\/?bkcode=004059987dce0f348cc9e&amp;mode=mini&amp;showsharemenu=false&amp;clickto=view&amp;clicktarget=_self\" width=\"560\" height=\"350\" frameborder=\"0\" scrolling=\"no\" allowfullscreen=\"allowfullscreen\"><\/iframe><\/p>\n<div style=\"margin: 4px 0px 8px;\"><\/div>\n<\/div>\n","protected":false},"excerpt":{"rendered":"<p>Et voila deux cahiers , r\u00e9alis\u00e9s par les \u00e9l\u00e8ves de 4\u00ba et 5\u00ba. Dans le premier, les \u00e9l\u00e8ves de 4\u00ba d\u00e9crivent leur animal pr\u00e9f\u00e9r\u00e9, et dans le second, les \u00e9l\u00e8ves de 5\u00ba parlent de leur famille. Bonne lecture. Description 5\u00ba Nos Animaux Pr\u00e9f\u00e9r\u00e9s<\/p>\n","protected":false},"author":1,"featured_media":817,"comment_status":"open","ping_status":"open","sticky":false,"template":"","format":"standard","meta":{"_genesis_hide_title":false,"_genesis_hide_breadcrumbs":false,"_genesis_hide_singular_image":false,"_genesis_hide_footer_widgets":false,"_genesis_custom_body_class":"","_genesis_custom_post_class":"","_genesis_layout":""},"categories":[1,134],"tags":[55,76,75,62],"_links":{"self":[{"href":"https:\/\/jmhuarte.educacion.navarra.es\/web1\/wp-json\/wp\/v2\/posts\/810"}],"collection":[{"href":"https:\/\/jmhuarte.educacion.navarra.es\/web1\/wp-json\/wp\/v2\/posts"}],"about":[{"href":"https:\/\/jmhuarte.educacion.navarra.es\/web1\/wp-json\/wp\/v2\/types\/post"}],"author":[{"embeddable":true,"href":"https:\/\/jmhuarte.educacion.navarra.es\/web1\/wp-json\/wp\/v2\/users\/1"}],"replies":[{"embeddable":true,"href":"https:\/\/jmhuarte.educacion.navarra.es\/web1\/wp-json\/wp\/v2\/comments?post=810"}],"version-history":[{"count":7,"href":"https:\/\/jmhuarte.educacion.navarra.es\/web1\/wp-json\/wp\/v2\/posts\/810\/revisions"}],"predecessor-version":[{"id":818,"href":"https:\/\/jmhuarte.educacion.navarra.es\/web1\/wp-json\/wp\/v2\/posts\/810\/revisions\/818"}],"wp:featuredmedia":[{"embeddable":true,"href":"https:\/\/jmhuarte.educacion.navarra.es\/web1\/wp-json\/wp\/v2\/media\/817"}],"wp:attachment":[{"href":"https:\/\/jmhuarte.educacion.navarra.es\/web1\/wp-json\/wp\/v2\/media?parent=810"}],"wp:term":[{"taxonomy":"category","embeddable":true,"href":"https:\/\/jmhuarte.educacion.navarra.es\/web1\/wp-json\/wp\/v2\/categories?post=810"},{"taxonomy":"post_tag","embeddable":true,"href":"https:\/\/jmhuarte.educacion.navarra.es\/web1\/wp-json\/wp\/v2\/tags?post=810"}],"curies":[{"name":"wp","href":"https:\/\/api.w.org\/{rel}","templated":true}]}}