{"id":777,"date":"2016-04-25T12:31:21","date_gmt":"2016-04-25T10:31:21","guid":{"rendered":"http:\/\/jmhuarte.educacion.navarra.es\/web1\/?p=777"},"modified":"2018-02-20T17:26:00","modified_gmt":"2018-02-20T16:26:00","slug":"i-festival-del-video-cuento-cuantos-cuentos-cuentas-en-jose-maria-de-huarte","status":"publish","type":"post","link":"https:\/\/jmhuarte.educacion.navarra.es\/web1\/2016\/04\/25\/i-festival-del-video-cuento-cuantos-cuentos-cuentas-en-jose-maria-de-huarte\/","title":{"rendered":"I Festival del v\u00eddeo-cuento \u00abCu\u00e1ntos Cuentos Cuentas\u00bb en Jos\u00e9 Mar\u00eda de Huarte"},"content":{"rendered":"<p>El pasado mi\u00e9rcoles 20 de abril, con motivo de la celebraci\u00f3n de la semana del libro, disfrutamos en nuestro colegio la gala del I\u00a0Festival del v\u00eddeo-cuento \u00abCu\u00e1ntos Cuentos Cuentas\u00bb en Jos\u00e9 Mar\u00eda de Huarte. La actividad consist\u00eda en la creaci\u00f3n por grupos de un v\u00eddeo-cuento usando los programas WINDOWS LIVE MOVIE MAKER para la edici\u00f3n de v\u00eddeo, AUDACITY para la edici\u00f3n de sonido y PICASA para la edici\u00f3n de im\u00e1genes.<\/p>\n<p>Los alumnos y alumnas de quinto y sexto nos ense\u00f1aron sus creaciones, aut\u00e9nticas maravillas del 7\u00ba arte. Puedes ver los v\u00eddeo-cuentos en el siguiente playlist de nuestro canal de You Tube.<\/p>\n<p><iframe loading=\"lazy\" src=\"https:\/\/www.youtube.com\/embed\/pQ2OGxXP9B0?list=PLyWooxN4LHC_r_E69JW7z0uAg833lASGS\" width=\"640\" height=\"360\" frameborder=\"0\" allowfullscreen=\"allowfullscreen\"><\/iframe><br \/>\nLa gala nos llev\u00f3 a momentos muy divertidos viendo las andanzas de un zombie enamorado, mu\u00f1ecas malvadas vencidas por super ratones, viajes a un mundo perdido, malvados derrotados por canciones de Justin Bieber, invasiones rob\u00f3ticas, magos desastrosos y profesores hechizados&#8230;<\/p>\n<p>Y lleg\u00f3 el momento de la entrega de premios, los \u00abTxema Awards\u00bb.<\/p>\n<p><a href=\"http:\/\/jmhuarte.educacion.navarra.es\/web1\/wp-content\/uploads\/2016\/04\/txema.png\"><img loading=\"lazy\" class=\"aligncenter size-large wp-image-781\" src=\"http:\/\/jmhuarte.educacion.navarra.es\/web1\/wp-content\/uploads\/2016\/04\/txema-1024x422.png\" alt=\"txema\" width=\"1024\" height=\"422\" srcset=\"https:\/\/jmhuarte.educacion.navarra.es\/web1\/wp-content\/uploads\/2016\/04\/txema-1024x422.png 1024w, https:\/\/jmhuarte.educacion.navarra.es\/web1\/wp-content\/uploads\/2016\/04\/txema-300x124.png 300w, https:\/\/jmhuarte.educacion.navarra.es\/web1\/wp-content\/uploads\/2016\/04\/txema-768x317.png 768w\" sizes=\"(max-width: 1024px) 100vw, 1024px\" \/><\/a><\/p>\n<p>Muchas felicidades a los ganadores de las tres categor\u00edas y a los nominados. A los dem\u00e1s participantes os animamos a probar vuestra destreza cinematogr\u00e1fica el pr\u00f3ximo a\u00f1o en la segunda cita de este festival.<\/p>\n<p>Ganadores y nominados:<\/p>\n<p>MEJOR V\u00cdDEO-CUENTO<\/p>\n<p>\u00abEl misterio del tri\u00e1ngulo de las Bermudas\u00bb (Ganador).<\/p>\n<p>\u00abFelix and Osana\u00bb (Finalista).<\/p>\n<p>\u00abGugu y el misterio del biber\u00f3n perdido\u00bb\u00a0(Finalista).<\/p>\n<p>&nbsp;<\/p>\n<p>PREMIO A LA CREATIVIDAD<\/p>\n<p>\u00abDeca y Thlon: Una vida muy arrastrada\u00a0(Ganador).<\/p>\n<p>\u00abEl profesor hechizado\u00bb\u00a0(Finalista).<\/p>\n<p>\u00abEl misterio de los pica pica\u00bb\u00a0(Finalista).<\/p>\n<p>&nbsp;<\/p>\n<p>MEJORES ILUSTRACIONES<\/p>\n<p>\u00abLa mu\u00f1eca\u00bb (Ganador).<\/p>\n<p>\u00abSuper rat\u00f3n y la mu\u00f1eca Mi\u00bb\u00a0(Finalista).<\/p>\n<p>\u00abLes \u00e9l\u00e8ves de 5eme contre les robots\u00bb\u00a0(Finalista).<\/p>\n<p>Para saber m\u00e1s no olvides visitar la web del <a href=\"https:\/\/sites.google.com\/a\/educacion.navarra.es\/magnet-school\/portada\">proyecto \u00abMagnet School: Prosumidores de la informaci\u00f3n\u00bb<\/a>.<\/p>\n<h2>IM\u00c1GENES DEL FESTIVAL<\/h2>\n<div id='gallery-1' class='gallery galleryid-777 gallery-columns-2 gallery-size-medium'><figure class='gallery-item'>\n\t\t\t<div class='gallery-icon landscape'>\n\t\t\t\t<a href='https:\/\/jmhuarte.educacion.navarra.es\/web1\/wp-content\/uploads\/2016\/04\/IMG_20160420_151434.jpg'><img width=\"300\" height=\"168\" src=\"https:\/\/jmhuarte.educacion.navarra.es\/web1\/wp-content\/uploads\/2016\/04\/IMG_20160420_151434-300x168.jpg\" class=\"attachment-medium size-medium\" alt=\"\" loading=\"lazy\" srcset=\"https:\/\/jmhuarte.educacion.navarra.es\/web1\/wp-content\/uploads\/2016\/04\/IMG_20160420_151434-300x168.jpg 300w, https:\/\/jmhuarte.educacion.navarra.es\/web1\/wp-content\/uploads\/2016\/04\/IMG_20160420_151434-768x431.jpg 768w, https:\/\/jmhuarte.educacion.navarra.es\/web1\/wp-content\/uploads\/2016\/04\/IMG_20160420_151434-1024x574.jpg 1024w, https:\/\/jmhuarte.educacion.navarra.es\/web1\/wp-content\/uploads\/2016\/04\/IMG_20160420_151434.jpg 1280w\" sizes=\"(max-width: 300px) 100vw, 300px\" \/><\/a>\n\t\t\t<\/div><\/figure><figure class='gallery-item'>\n\t\t\t<div class='gallery-icon landscape'>\n\t\t\t\t<a href='https:\/\/jmhuarte.educacion.navarra.es\/web1\/wp-content\/uploads\/2016\/04\/IMG_20160420_160830.jpg'><img width=\"300\" height=\"179\" src=\"https:\/\/jmhuarte.educacion.navarra.es\/web1\/wp-content\/uploads\/2016\/04\/IMG_20160420_160830-300x179.jpg\" class=\"attachment-medium size-medium\" alt=\"\" loading=\"lazy\" aria-describedby=\"gallery-1-790\" srcset=\"https:\/\/jmhuarte.educacion.navarra.es\/web1\/wp-content\/uploads\/2016\/04\/IMG_20160420_160830-300x179.jpg 300w, https:\/\/jmhuarte.educacion.navarra.es\/web1\/wp-content\/uploads\/2016\/04\/IMG_20160420_160830-768x457.jpg 768w, https:\/\/jmhuarte.educacion.navarra.es\/web1\/wp-content\/uploads\/2016\/04\/IMG_20160420_160830-1024x609.jpg 1024w, https:\/\/jmhuarte.educacion.navarra.es\/web1\/wp-content\/uploads\/2016\/04\/IMG_20160420_160830.jpg 1163w\" sizes=\"(max-width: 300px) 100vw, 300px\" \/><\/a>\n\t\t\t<\/div>\n\t\t\t\t<figcaption class='wp-caption-text gallery-caption' id='gallery-1-790'>\n\t\t\t\tGanadores del premio a la mejor ilustraci\u00f3n\n\t\t\t\t<\/figcaption><\/figure><figure class='gallery-item'>\n\t\t\t<div class='gallery-icon landscape'>\n\t\t\t\t<a href='https:\/\/jmhuarte.educacion.navarra.es\/web1\/wp-content\/uploads\/2016\/04\/IMG_20160420_161032.jpg'><img width=\"300\" height=\"175\" src=\"https:\/\/jmhuarte.educacion.navarra.es\/web1\/wp-content\/uploads\/2016\/04\/IMG_20160420_161032-300x175.jpg\" class=\"attachment-medium size-medium\" alt=\"\" loading=\"lazy\" aria-describedby=\"gallery-1-791\" srcset=\"https:\/\/jmhuarte.educacion.navarra.es\/web1\/wp-content\/uploads\/2016\/04\/IMG_20160420_161032-300x175.jpg 300w, https:\/\/jmhuarte.educacion.navarra.es\/web1\/wp-content\/uploads\/2016\/04\/IMG_20160420_161032-768x448.jpg 768w, https:\/\/jmhuarte.educacion.navarra.es\/web1\/wp-content\/uploads\/2016\/04\/IMG_20160420_161032-1024x597.jpg 1024w, https:\/\/jmhuarte.educacion.navarra.es\/web1\/wp-content\/uploads\/2016\/04\/IMG_20160420_161032.jpg 1122w\" sizes=\"(max-width: 300px) 100vw, 300px\" \/><\/a>\n\t\t\t<\/div>\n\t\t\t\t<figcaption class='wp-caption-text gallery-caption' id='gallery-1-791'>\n\t\t\t\tGanadores del premio a la creatividad\n\t\t\t\t<\/figcaption><\/figure><figure class='gallery-item'>\n\t\t\t<div class='gallery-icon landscape'>\n\t\t\t\t<a href='https:\/\/jmhuarte.educacion.navarra.es\/web1\/wp-content\/uploads\/2016\/04\/IMG_20160420_161220.jpg'><img width=\"300\" height=\"177\" src=\"https:\/\/jmhuarte.educacion.navarra.es\/web1\/wp-content\/uploads\/2016\/04\/IMG_20160420_161220-300x177.jpg\" class=\"attachment-medium size-medium\" alt=\"\" loading=\"lazy\" aria-describedby=\"gallery-1-792\" srcset=\"https:\/\/jmhuarte.educacion.navarra.es\/web1\/wp-content\/uploads\/2016\/04\/IMG_20160420_161220-300x177.jpg 300w, https:\/\/jmhuarte.educacion.navarra.es\/web1\/wp-content\/uploads\/2016\/04\/IMG_20160420_161220-768x453.jpg 768w, https:\/\/jmhuarte.educacion.navarra.es\/web1\/wp-content\/uploads\/2016\/04\/IMG_20160420_161220-1024x604.jpg 1024w, https:\/\/jmhuarte.educacion.navarra.es\/web1\/wp-content\/uploads\/2016\/04\/IMG_20160420_161220.jpg 1145w\" sizes=\"(max-width: 300px) 100vw, 300px\" \/><\/a>\n\t\t\t<\/div>\n\t\t\t\t<figcaption class='wp-caption-text gallery-caption' id='gallery-1-792'>\n\t\t\t\tGanadores al mejor v\u00eddeo-cuento\n\t\t\t\t<\/figcaption><\/figure>\n\t\t<\/div>\n\n","protected":false},"excerpt":{"rendered":"<p>El pasado mi\u00e9rcoles 20 de abril, con motivo de la celebraci\u00f3n de la semana del libro, disfrutamos en nuestro colegio la gala del I\u00a0Festival del v\u00eddeo-cuento \u00abCu\u00e1ntos Cuentos Cuentas\u00bb en Jos\u00e9 Mar\u00eda de Huarte. La actividad consist\u00eda en la creaci\u00f3n por grupos de un v\u00eddeo-cuento usando los programas WINDOWS LIVE MOVIE MAKER para la edici\u00f3n [&hellip;]<\/p>\n","protected":false},"author":1,"featured_media":796,"comment_status":"open","ping_status":"open","sticky":false,"template":"","format":"standard","meta":{"_genesis_hide_title":false,"_genesis_hide_breadcrumbs":false,"_genesis_hide_singular_image":false,"_genesis_hide_footer_widgets":false,"_genesis_custom_body_class":"","_genesis_custom_post_class":"","_genesis_layout":""},"categories":[1,134],"tags":[40,13,51,74,72,62,73],"_links":{"self":[{"href":"https:\/\/jmhuarte.educacion.navarra.es\/web1\/wp-json\/wp\/v2\/posts\/777"}],"collection":[{"href":"https:\/\/jmhuarte.educacion.navarra.es\/web1\/wp-json\/wp\/v2\/posts"}],"about":[{"href":"https:\/\/jmhuarte.educacion.navarra.es\/web1\/wp-json\/wp\/v2\/types\/post"}],"author":[{"embeddable":true,"href":"https:\/\/jmhuarte.educacion.navarra.es\/web1\/wp-json\/wp\/v2\/users\/1"}],"replies":[{"embeddable":true,"href":"https:\/\/jmhuarte.educacion.navarra.es\/web1\/wp-json\/wp\/v2\/comments?post=777"}],"version-history":[{"count":12,"href":"https:\/\/jmhuarte.educacion.navarra.es\/web1\/wp-json\/wp\/v2\/posts\/777\/revisions"}],"predecessor-version":[{"id":797,"href":"https:\/\/jmhuarte.educacion.navarra.es\/web1\/wp-json\/wp\/v2\/posts\/777\/revisions\/797"}],"wp:featuredmedia":[{"embeddable":true,"href":"https:\/\/jmhuarte.educacion.navarra.es\/web1\/wp-json\/wp\/v2\/media\/796"}],"wp:attachment":[{"href":"https:\/\/jmhuarte.educacion.navarra.es\/web1\/wp-json\/wp\/v2\/media?parent=777"}],"wp:term":[{"taxonomy":"category","embeddable":true,"href":"https:\/\/jmhuarte.educacion.navarra.es\/web1\/wp-json\/wp\/v2\/categories?post=777"},{"taxonomy":"post_tag","embeddable":true,"href":"https:\/\/jmhuarte.educacion.navarra.es\/web1\/wp-json\/wp\/v2\/tags?post=777"}],"curies":[{"name":"wp","href":"https:\/\/api.w.org\/{rel}","templated":true}]}}