{"id":7272,"date":"2021-10-01T13:49:02","date_gmt":"2021-10-01T11:49:02","guid":{"rendered":"https:\/\/jmhuarte.educacion.navarra.es\/web1\/?p=7272"},"modified":"2021-11-03T20:39:51","modified_gmt":"2021-11-03T19:39:51","slug":"actividades-extraescolares","status":"publish","type":"post","link":"https:\/\/jmhuarte.educacion.navarra.es\/web1\/2021\/10\/01\/actividades-extraescolares\/","title":{"rendered":"Actividades extraescolares"},"content":{"rendered":"\n<p class=\"has-text-align-center has-light-green-cyan-background-color has-background\"><strong>Fecha comienzo: Lunes, 4 de octubre de 2021<\/strong><\/p>\n\n\n\n<p>Os recordamos que:<\/p>\n\n\n\n<ul><li>Todo el alumnado inscrito en el formulario facilitado <strong>EST\u00c1 ADMITIDO.<\/strong><\/li><\/ul>\n\n\n\n<ul><li><strong>El alumnado debe llevar en todo momento mascarilla durante la actividad, entradas y salidas.<\/strong><\/li><li>El acceso al centro ser\u00e1 por la misma puerta de entrada y salida que lo hacemos por las ma\u00f1anas, siendo la zona de espera fuera del centro y siempre respetando la distancia de seguridad.<\/li><li>Al igual que por las ma\u00f1anas, los acompa\u00f1antes del alumnado no pueden acceder al centro y una vez haya entrado su hijo o hija dejar\u00e1n libre la zona de la calle de la puerta de acceso. Recordamos que las entradas y salidas de los sectores son escalonadas y es necesario evitar aglomeraciones.<\/li><li>El alumnado cuando sea la hora se colocar\u00e1 en su fila correspondiente. Durante los primeros d\u00edas, el profesorado responsable de la actividad dar\u00e1 las instrucciones necesarias.<\/li><li>El listado de admitidos de cada una de las actividades se publicar\u00e1 en el corcho situado en la entrada del patio. El acceso a consultarlo ser\u00e1 una vez est\u00e9n abiertas las puertas y no sea hora de entrada ni salidas de ninguno de los sectores.<\/li><li>La programaci\u00f3n did\u00e1ctica de cada una de las actividades se facilitar\u00e1 pr\u00f3ximamente.<\/li><li>Las horas de entrada y salida son las siguientes:<\/li><\/ul>\n\n\n\n<figure class=\"wp-block-table\"><table><tbody><tr><td>CURSO<\/td><td>HORA ENTRADA<\/td><td>HORA SALIDA<\/td><\/tr><tr><td><strong>SECTOR 3<\/strong>(4\u00ba, 5\u00ba y 6\u00ba de Ed. Primaria)<\/td><td>15:40h.<\/td><td>16:30h.<\/td><\/tr><tr><td><strong>SECTOR 2<\/strong>(2\u00ba y 3\u00ba de Ed. Primaria)<\/td><td>15:45h.<\/td><td>16:35h.<\/td><\/tr><tr><td><strong>SECTOR 1<\/strong>(3 a\u00f1os,. 4 a\u00f1os, 5 a\u00f1os y 1\u00ba de Ed. Primaria)<\/td><td>15:50h.<\/td><td>16:40h.<\/td><\/tr><\/tbody><\/table><\/figure>\n\n\n\n<p class=\"has-text-align-center\"><strong>HORARIOS Y ACTIVIDADES<\/strong><\/p>\n\n\n\n<figure class=\"wp-block-image size-full is-resized\"><a href=\"https:\/\/jmhuarte.educacion.navarra.es\/web1\/wp-content\/uploads\/2021\/10\/Horario-extraescolares.jpg\"><img loading=\"lazy\" src=\"https:\/\/jmhuarte.educacion.navarra.es\/web1\/wp-content\/uploads\/2021\/10\/Horario-extraescolares.jpg\" alt=\"\" class=\"wp-image-7273\" width=\"825\" height=\"1076\" srcset=\"https:\/\/jmhuarte.educacion.navarra.es\/web1\/wp-content\/uploads\/2021\/10\/Horario-extraescolares.jpg 558w, https:\/\/jmhuarte.educacion.navarra.es\/web1\/wp-content\/uploads\/2021\/10\/Horario-extraescolares-230x300.jpg 230w\" sizes=\"(max-width: 825px) 100vw, 825px\" \/><\/a><\/figure>\n","protected":false},"excerpt":{"rendered":"<p>Fecha comienzo: Lunes, 4 de octubre de 2021 Os recordamos que: Todo el alumnado inscrito en el formulario facilitado EST\u00c1 ADMITIDO. El alumnado debe llevar en todo momento mascarilla durante la actividad, entradas y salidas. El acceso al centro ser\u00e1 por la misma puerta de entrada y salida que lo hacemos por las ma\u00f1anas, siendo [&hellip;]<\/p>\n","protected":false},"author":1,"featured_media":7275,"comment_status":"open","ping_status":"open","sticky":false,"template":"","format":"standard","meta":{"_genesis_hide_title":false,"_genesis_hide_breadcrumbs":false,"_genesis_hide_singular_image":false,"_genesis_hide_footer_widgets":false,"_genesis_custom_body_class":"","_genesis_custom_post_class":"","_genesis_layout":""},"categories":[141,1],"tags":[],"_links":{"self":[{"href":"https:\/\/jmhuarte.educacion.navarra.es\/web1\/wp-json\/wp\/v2\/posts\/7272"}],"collection":[{"href":"https:\/\/jmhuarte.educacion.navarra.es\/web1\/wp-json\/wp\/v2\/posts"}],"about":[{"href":"https:\/\/jmhuarte.educacion.navarra.es\/web1\/wp-json\/wp\/v2\/types\/post"}],"author":[{"embeddable":true,"href":"https:\/\/jmhuarte.educacion.navarra.es\/web1\/wp-json\/wp\/v2\/users\/1"}],"replies":[{"embeddable":true,"href":"https:\/\/jmhuarte.educacion.navarra.es\/web1\/wp-json\/wp\/v2\/comments?post=7272"}],"version-history":[{"count":1,"href":"https:\/\/jmhuarte.educacion.navarra.es\/web1\/wp-json\/wp\/v2\/posts\/7272\/revisions"}],"predecessor-version":[{"id":7274,"href":"https:\/\/jmhuarte.educacion.navarra.es\/web1\/wp-json\/wp\/v2\/posts\/7272\/revisions\/7274"}],"wp:featuredmedia":[{"embeddable":true,"href":"https:\/\/jmhuarte.educacion.navarra.es\/web1\/wp-json\/wp\/v2\/media\/7275"}],"wp:attachment":[{"href":"https:\/\/jmhuarte.educacion.navarra.es\/web1\/wp-json\/wp\/v2\/media?parent=7272"}],"wp:term":[{"taxonomy":"category","embeddable":true,"href":"https:\/\/jmhuarte.educacion.navarra.es\/web1\/wp-json\/wp\/v2\/categories?post=7272"},{"taxonomy":"post_tag","embeddable":true,"href":"https:\/\/jmhuarte.educacion.navarra.es\/web1\/wp-json\/wp\/v2\/tags?post=7272"}],"curies":[{"name":"wp","href":"https:\/\/api.w.org\/{rel}","templated":true}]}}