{"id":7231,"date":"2021-08-23T10:15:31","date_gmt":"2021-08-23T08:15:31","guid":{"rendered":"https:\/\/jmhuarte.educacion.navarra.es\/web1\/?p=7231"},"modified":"2021-08-23T17:42:29","modified_gmt":"2021-08-23T15:42:29","slug":"vuelta-a-las-aulas","status":"publish","type":"post","link":"https:\/\/jmhuarte.educacion.navarra.es\/web1\/2021\/08\/23\/vuelta-a-las-aulas\/","title":{"rendered":"Vuelta a las aulas"},"content":{"rendered":"\n<p>Estimadas familias,<\/p>\n\n\n\n<p><br>Espero que hay\u00e1is pasado muy buenas vacaciones, recargado energ\u00eda y lo m\u00e1s importante, que os encontr\u00e9is todos y todas muy bien.&nbsp;Volvemos a las aulas, \u00a1espero que con ganas y fuerza!<\/p>\n\n\n\n<p>Aqu\u00ed pod\u00e9is consultar el <strong>Protocolo de prevenci\u00f3n y organizaci\u00f3n para el desarrollo de las actividades presenciales en el curso acad\u00e9mico 2021-2022, <\/strong>\u00a0siguiendo las directrices del Departamento de Educaci\u00f3n a d\u00eda de hoy. Por lo tanto, est\u00e1 sujeto a modificaciones en el momento que se vayan notificando nuevas decisiones del Departamento de Educaci\u00f3n. No dud\u00e9is en que os iremos informando en todo momento.<br><\/p>\n\n\n\n<p>Un saludo cordial,<\/p>\n\n\n\n<p>Direcci\u00f3n<\/p>\n\n\n<a href=\"https:\/\/jmhuarte.educacion.navarra.es\/web1\/wp-content\/uploads\/2021\/08\/JMH-PROTOCOLO-DE-PREVENCION-Y-ORGANIZACION-PARA-EL-DESARROLLO-DE-LA-ACTIVIDAD-EDUCATIVA-PRESENCIAL-PARA-EL-CURSO-ACADEMICO-2021-2022-1.pdf\" class=\"pdfemb-viewer\" style=\"\" data-width=\"max\" data-height=\"max\" data-toolbar=\"bottom\" data-toolbar-fixed=\"off\">JMH-PROTOCOLO-DE-PREVENCION-Y-ORGANIZACION-PARA-EL-DESARROLLO-DE-LA-ACTIVIDAD-EDUCATIVA-PRESENCIAL-PARA-EL-CURSO-ACADEMICO-2021-2022-1<\/a>\n<p class=\"wp-block-pdfemb-pdf-embedder-viewer\"><\/p>\n\n\n\n<p><a href=\"https:\/\/jmhuarte.educacion.navarra.es\/web1\/wp-content\/uploads\/2021\/08\/JMH-PROTOCOLO-DE-PREVENCION-Y-ORGANIZACION-PARA-EL-DESARROLLO-DE-LA-ACTIVIDAD-EDUCATIVA-PRESENCIAL-PARA-EL-CURSO-ACADEMICO-2021-2022-1.pdf\">https:\/\/jmhuarte.educacion.navarra.es\/web1\/wp-content\/uploads\/2021\/08\/JMH-PROTOCOLO-DE-PREVENCION-Y-ORGANIZACION-PARA-EL-DESARROLLO-DE-LA-ACTIVIDAD-EDUCATIVA-PRESENCIAL-PARA-EL-CURSO-ACADEMICO-2021-2022-1.pdf<\/a><\/p>\n","protected":false},"excerpt":{"rendered":"<p>Estimadas familias, Espero que hay\u00e1is pasado muy buenas vacaciones, recargado energ\u00eda y lo m\u00e1s importante, que os encontr\u00e9is todos y todas muy bien.&nbsp;Volvemos a las aulas, \u00a1espero que con ganas y fuerza! Aqu\u00ed pod\u00e9is consultar el Protocolo de prevenci\u00f3n y organizaci\u00f3n para el desarrollo de las actividades presenciales en el curso acad\u00e9mico 2021-2022, \u00a0siguiendo las [&hellip;]<\/p>\n","protected":false},"author":1,"featured_media":7232,"comment_status":"open","ping_status":"open","sticky":false,"template":"","format":"standard","meta":{"_genesis_hide_title":false,"_genesis_hide_breadcrumbs":false,"_genesis_hide_singular_image":false,"_genesis_hide_footer_widgets":false,"_genesis_custom_body_class":"","_genesis_custom_post_class":"","_genesis_layout":""},"categories":[141],"tags":[],"_links":{"self":[{"href":"https:\/\/jmhuarte.educacion.navarra.es\/web1\/wp-json\/wp\/v2\/posts\/7231"}],"collection":[{"href":"https:\/\/jmhuarte.educacion.navarra.es\/web1\/wp-json\/wp\/v2\/posts"}],"about":[{"href":"https:\/\/jmhuarte.educacion.navarra.es\/web1\/wp-json\/wp\/v2\/types\/post"}],"author":[{"embeddable":true,"href":"https:\/\/jmhuarte.educacion.navarra.es\/web1\/wp-json\/wp\/v2\/users\/1"}],"replies":[{"embeddable":true,"href":"https:\/\/jmhuarte.educacion.navarra.es\/web1\/wp-json\/wp\/v2\/comments?post=7231"}],"version-history":[{"count":2,"href":"https:\/\/jmhuarte.educacion.navarra.es\/web1\/wp-json\/wp\/v2\/posts\/7231\/revisions"}],"predecessor-version":[{"id":7235,"href":"https:\/\/jmhuarte.educacion.navarra.es\/web1\/wp-json\/wp\/v2\/posts\/7231\/revisions\/7235"}],"wp:featuredmedia":[{"embeddable":true,"href":"https:\/\/jmhuarte.educacion.navarra.es\/web1\/wp-json\/wp\/v2\/media\/7232"}],"wp:attachment":[{"href":"https:\/\/jmhuarte.educacion.navarra.es\/web1\/wp-json\/wp\/v2\/media?parent=7231"}],"wp:term":[{"taxonomy":"category","embeddable":true,"href":"https:\/\/jmhuarte.educacion.navarra.es\/web1\/wp-json\/wp\/v2\/categories?post=7231"},{"taxonomy":"post_tag","embeddable":true,"href":"https:\/\/jmhuarte.educacion.navarra.es\/web1\/wp-json\/wp\/v2\/tags?post=7231"}],"curies":[{"name":"wp","href":"https:\/\/api.w.org\/{rel}","templated":true}]}}