{"id":7014,"date":"2021-06-18T12:17:54","date_gmt":"2021-06-18T10:17:54","guid":{"rendered":"https:\/\/jmhuarte.educacion.navarra.es\/web1\/?p=7014"},"modified":"2021-06-18T12:17:55","modified_gmt":"2021-06-18T10:17:55","slug":"musica-en-un-curso-escolar-tenido-por-la-pandemia","status":"publish","type":"post","link":"https:\/\/jmhuarte.educacion.navarra.es\/web1\/2021\/06\/18\/musica-en-un-curso-escolar-tenido-por-la-pandemia\/","title":{"rendered":"M\u00fasica en un curso escolar te\u00f1ido por la pandemia"},"content":{"rendered":"\n<p class=\"has-text-align-center\">El curso comenzaba con incertidumbre, expectaci\u00f3n y sobretodo muchos, muchos protocolos. Nos reencontramos en septiembre despu\u00e9s de habernos separado en marzo y las nuevas normas nos obligaban a mantener \u201cla distancia\u201d, a utilizar la mirada para mostrar la ilusi\u00f3n de empezar de nuevo tras las mascarillas. Juntas y juntos hemos aprendido a funcionar de una manera responsable en el colegio, con mucho respeto a la situaci\u00f3n y sobretodo con mucha colaboraci\u00f3n. Sin embargo, no s\u00f3lo la distancia social, los litros de gel y las mascarillas que nos han ocultado esos bostezos han cambiado nuestro curso. En el \u00e1rea de M\u00fasica hemos echado de menos nuestra aula al final del pasillo y nuestras actividades se han visto muy recortadas\u2026 Por ello, las nuevas tecnolog\u00edas han sido nuestras aliadas este curso. Mascarillas fuera, desde casa hemos cantado todas y todos interpretando una de nuestras canciones preferidas. La letra habla por s\u00ed sola\u2026<\/p>\n\n\n\n<p class=\"has-text-align-center\">\u00a1Esperamos que os guste!&nbsp;<\/p>\n\n\n\n<p class=\"has-text-align-center\">Os desea un feliz verano Ana Bel\u00e9n<\/p>\n\n\n\n<figure class=\"wp-block-embed is-type-video is-provider-youtube wp-block-embed-youtube wp-embed-aspect-16-9 wp-has-aspect-ratio\"><div class=\"wp-block-embed__wrapper\">\n<iframe loading=\"lazy\" title=\"Jose Maria de Huarte Maroon5\" width=\"500\" height=\"281\" src=\"https:\/\/www.youtube.com\/embed\/9WiU0cSsu8k?feature=oembed\" frameborder=\"0\" allow=\"accelerometer; autoplay; clipboard-write; encrypted-media; gyroscope; picture-in-picture\" allowfullscreen><\/iframe>\n<\/div><\/figure>\n","protected":false},"excerpt":{"rendered":"<p>El curso comenzaba con incertidumbre, expectaci\u00f3n y sobretodo muchos, muchos protocolos. Nos reencontramos en septiembre despu\u00e9s de habernos separado en marzo y las nuevas normas nos obligaban a mantener \u201cla distancia\u201d, a utilizar la mirada para mostrar la ilusi\u00f3n de empezar de nuevo tras las mascarillas. Juntas y juntos hemos aprendido a funcionar de una [&hellip;]<\/p>\n","protected":false},"author":1,"featured_media":7016,"comment_status":"open","ping_status":"open","sticky":false,"template":"","format":"standard","meta":{"_genesis_hide_title":false,"_genesis_hide_breadcrumbs":false,"_genesis_hide_singular_image":false,"_genesis_hide_footer_widgets":false,"_genesis_custom_body_class":"","_genesis_custom_post_class":"","_genesis_layout":""},"categories":[137,1],"tags":[],"_links":{"self":[{"href":"https:\/\/jmhuarte.educacion.navarra.es\/web1\/wp-json\/wp\/v2\/posts\/7014"}],"collection":[{"href":"https:\/\/jmhuarte.educacion.navarra.es\/web1\/wp-json\/wp\/v2\/posts"}],"about":[{"href":"https:\/\/jmhuarte.educacion.navarra.es\/web1\/wp-json\/wp\/v2\/types\/post"}],"author":[{"embeddable":true,"href":"https:\/\/jmhuarte.educacion.navarra.es\/web1\/wp-json\/wp\/v2\/users\/1"}],"replies":[{"embeddable":true,"href":"https:\/\/jmhuarte.educacion.navarra.es\/web1\/wp-json\/wp\/v2\/comments?post=7014"}],"version-history":[{"count":2,"href":"https:\/\/jmhuarte.educacion.navarra.es\/web1\/wp-json\/wp\/v2\/posts\/7014\/revisions"}],"predecessor-version":[{"id":7017,"href":"https:\/\/jmhuarte.educacion.navarra.es\/web1\/wp-json\/wp\/v2\/posts\/7014\/revisions\/7017"}],"wp:featuredmedia":[{"embeddable":true,"href":"https:\/\/jmhuarte.educacion.navarra.es\/web1\/wp-json\/wp\/v2\/media\/7016"}],"wp:attachment":[{"href":"https:\/\/jmhuarte.educacion.navarra.es\/web1\/wp-json\/wp\/v2\/media?parent=7014"}],"wp:term":[{"taxonomy":"category","embeddable":true,"href":"https:\/\/jmhuarte.educacion.navarra.es\/web1\/wp-json\/wp\/v2\/categories?post=7014"},{"taxonomy":"post_tag","embeddable":true,"href":"https:\/\/jmhuarte.educacion.navarra.es\/web1\/wp-json\/wp\/v2\/tags?post=7014"}],"curies":[{"name":"wp","href":"https:\/\/api.w.org\/{rel}","templated":true}]}}