{"id":6832,"date":"2021-05-19T09:39:34","date_gmt":"2021-05-19T07:39:34","guid":{"rendered":"https:\/\/jmhuarte.educacion.navarra.es\/web1\/?p=6832"},"modified":"2021-05-19T09:39:46","modified_gmt":"2021-05-19T07:39:46","slug":"autoestima-y-dignidad","status":"publish","type":"post","link":"https:\/\/jmhuarte.educacion.navarra.es\/web1\/2021\/05\/19\/autoestima-y-dignidad\/","title":{"rendered":"Autoestima y dignidad"},"content":{"rendered":"\n<p>El alumnado de 6\u00ba B han realizado el trabajo de\u00bb Autoestima y dignidad\u00bb. Han buscado informaci\u00f3n comprobando los pa\u00edses donde no se respeta al ser humano , pero tambi\u00e9n han buscado en la cercan\u00eda de su barrio, ciudad, provincia&#8230; c\u00f3mo no se respeta los derechos de los seres humanos.<\/p>\n\n\n<a href=\"https:\/\/jmhuarte.educacion.navarra.es\/web1\/wp-content\/uploads\/2021\/05\/LA-AUTOESTIMA-Y-LA-DIGNIDAD.pdf\" class=\"pdfemb-viewer\" style=\"\" data-width=\"max\" data-height=\"max\" data-toolbar=\"bottom\" data-toolbar-fixed=\"off\">LA-AUTOESTIMA-Y-LA-DIGNIDAD<\/a>\n<p class=\"wp-block-pdfemb-pdf-embedder-viewer\"><\/p>\n\n\n<a href=\"https:\/\/jmhuarte.educacion.navarra.es\/web1\/wp-content\/uploads\/2021\/05\/Trabajo-de-Investigacion_-La-Dignidad.pdf\" class=\"pdfemb-viewer\" style=\"\" data-width=\"max\" data-height=\"max\" data-toolbar=\"bottom\" data-toolbar-fixed=\"off\">Trabajo-de-Investigacion_-La-Dignidad<\/a>\n<p class=\"wp-block-pdfemb-pdf-embedder-viewer\"><\/p>\n\n\n<a href=\"https:\/\/jmhuarte.educacion.navarra.es\/web1\/wp-content\/uploads\/2021\/05\/La-Declaracion-de-los-Derechos-Humanos.pdf\" class=\"pdfemb-viewer\" style=\"\" data-width=\"max\" data-height=\"max\" data-toolbar=\"bottom\" data-toolbar-fixed=\"off\">La-Declaracion-de-los-Derechos-Humanos<\/a>\n<p class=\"wp-block-pdfemb-pdf-embedder-viewer\"><\/p>\n","protected":false},"excerpt":{"rendered":"<p>El alumnado de 6\u00ba B han realizado el trabajo de\u00bb Autoestima y dignidad\u00bb. Han buscado informaci\u00f3n comprobando los pa\u00edses donde no se respeta al ser humano , pero tambi\u00e9n han buscado en la cercan\u00eda de su barrio, ciudad, provincia&#8230; c\u00f3mo no se respeta los derechos de los seres humanos.<\/p>\n","protected":false},"author":1,"featured_media":6844,"comment_status":"open","ping_status":"open","sticky":false,"template":"","format":"standard","meta":{"_genesis_hide_title":false,"_genesis_hide_breadcrumbs":false,"_genesis_hide_singular_image":false,"_genesis_hide_footer_widgets":false,"_genesis_custom_body_class":"","_genesis_custom_post_class":"","_genesis_layout":""},"categories":[137],"tags":[],"_links":{"self":[{"href":"https:\/\/jmhuarte.educacion.navarra.es\/web1\/wp-json\/wp\/v2\/posts\/6832"}],"collection":[{"href":"https:\/\/jmhuarte.educacion.navarra.es\/web1\/wp-json\/wp\/v2\/posts"}],"about":[{"href":"https:\/\/jmhuarte.educacion.navarra.es\/web1\/wp-json\/wp\/v2\/types\/post"}],"author":[{"embeddable":true,"href":"https:\/\/jmhuarte.educacion.navarra.es\/web1\/wp-json\/wp\/v2\/users\/1"}],"replies":[{"embeddable":true,"href":"https:\/\/jmhuarte.educacion.navarra.es\/web1\/wp-json\/wp\/v2\/comments?post=6832"}],"version-history":[{"count":2,"href":"https:\/\/jmhuarte.educacion.navarra.es\/web1\/wp-json\/wp\/v2\/posts\/6832\/revisions"}],"predecessor-version":[{"id":6837,"href":"https:\/\/jmhuarte.educacion.navarra.es\/web1\/wp-json\/wp\/v2\/posts\/6832\/revisions\/6837"}],"wp:featuredmedia":[{"embeddable":true,"href":"https:\/\/jmhuarte.educacion.navarra.es\/web1\/wp-json\/wp\/v2\/media\/6844"}],"wp:attachment":[{"href":"https:\/\/jmhuarte.educacion.navarra.es\/web1\/wp-json\/wp\/v2\/media?parent=6832"}],"wp:term":[{"taxonomy":"category","embeddable":true,"href":"https:\/\/jmhuarte.educacion.navarra.es\/web1\/wp-json\/wp\/v2\/categories?post=6832"},{"taxonomy":"post_tag","embeddable":true,"href":"https:\/\/jmhuarte.educacion.navarra.es\/web1\/wp-json\/wp\/v2\/tags?post=6832"}],"curies":[{"name":"wp","href":"https:\/\/api.w.org\/{rel}","templated":true}]}}