{"id":6360,"date":"2020-11-26T18:07:32","date_gmt":"2020-11-26T17:07:32","guid":{"rendered":"https:\/\/jmhuarte.educacion.navarra.es\/web1\/?p=6360"},"modified":"2022-11-09T12:49:55","modified_gmt":"2022-11-09T11:49:55","slug":"los-superheroes-y-las-superheroinas-han-aparecido-en-el-cole","status":"publish","type":"post","link":"https:\/\/jmhuarte.educacion.navarra.es\/web1\/2020\/11\/26\/los-superheroes-y-las-superheroinas-han-aparecido-en-el-cole\/","title":{"rendered":"Los superh\u00e9roes y las superhero\u00ednas han aparecido en el cole"},"content":{"rendered":"\n<p>Los ni\u00f1os y ni\u00f1as de 4 a\u00f1os est\u00e1n inmersos en un proyecto con los superh\u00e9roes y las superhero\u00ednas. Estos amigos y amigas han venido para ayudarles a aprender un mont\u00f3n de cosas. <\/p>\n\n\n\n<p>\u00bfQuer\u00e9is ver todo lo que han hecho con ellos?<\/p>\n\n\n\n<figure class=\"wp-block-image size-large is-style-rounded\"><img loading=\"lazy\" width=\"1024\" height=\"768\" src=\"https:\/\/jmhuarte.educacion.navarra.es\/web1\/wp-content\/uploads\/2020\/11\/IMG-2736-1-1024x768.jpg\" alt=\"\" class=\"wp-image-6373\" srcset=\"https:\/\/jmhuarte.educacion.navarra.es\/web1\/wp-content\/uploads\/2020\/11\/IMG-2736-1-1024x768.jpg 1024w, https:\/\/jmhuarte.educacion.navarra.es\/web1\/wp-content\/uploads\/2020\/11\/IMG-2736-1-300x225.jpg 300w, https:\/\/jmhuarte.educacion.navarra.es\/web1\/wp-content\/uploads\/2020\/11\/IMG-2736-1-768x576.jpg 768w, https:\/\/jmhuarte.educacion.navarra.es\/web1\/wp-content\/uploads\/2020\/11\/IMG-2736-1-1536x1152.jpg 1536w, https:\/\/jmhuarte.educacion.navarra.es\/web1\/wp-content\/uploads\/2020\/11\/IMG-2736-1-2048x1536.jpg 2048w\" sizes=\"(max-width: 1024px) 100vw, 1024px\" \/><\/figure>\n\n\n\n<p>Todos se han convertido en aut\u00e9nticos h\u00e9roes y heroinas para aprender.<\/p>\n\n\n\n<div class=\"wp-block-jetpack-tiled-gallery aligncenter is-style-square\"><div class=\"tiled-gallery__gallery\"><div class=\"tiled-gallery__row columns-1\"><div class=\"tiled-gallery__col\"><figure class=\"tiled-gallery__item\"><img alt=\"\" data-height=\"1920\" data-id=\"6374\" data-link=\"https:\/\/jmhuarte.educacion.navarra.es\/web1\/?attachment_id=6374\" data-url=\"https:\/\/jmhuarte.educacion.navarra.es\/web1\/wp-content\/uploads\/2020\/11\/IMG-2737-1-scaled.jpg\" data-width=\"2560\" src=\"https:\/\/i2.wp.com\/jmhuarte.educacion.navarra.es\/web1\/wp-content\/uploads\/2020\/11\/IMG-2737-1-scaled.jpg?ssl=1&amp;resize=1920%2C1920\" layout=\"responsive\"\/><\/figure><\/div><\/div><div class=\"tiled-gallery__row columns-2\"><div class=\"tiled-gallery__col\"><figure class=\"tiled-gallery__item\"><img alt=\"\" data-height=\"1920\" data-id=\"6375\" data-link=\"https:\/\/jmhuarte.educacion.navarra.es\/web1\/?attachment_id=6375\" data-url=\"https:\/\/jmhuarte.educacion.navarra.es\/web1\/wp-content\/uploads\/2020\/11\/IMG-2738-1-scaled.jpg\" data-width=\"2560\" src=\"https:\/\/i2.wp.com\/jmhuarte.educacion.navarra.es\/web1\/wp-content\/uploads\/2020\/11\/IMG-2738-1-scaled.jpg?ssl=1&amp;resize=1920%2C1920\" layout=\"responsive\"\/><\/figure><\/div><div class=\"tiled-gallery__col\"><figure class=\"tiled-gallery__item\"><img alt=\"\" data-height=\"1920\" data-id=\"6376\" data-link=\"https:\/\/jmhuarte.educacion.navarra.es\/web1\/?attachment_id=6376\" data-url=\"https:\/\/jmhuarte.educacion.navarra.es\/web1\/wp-content\/uploads\/2020\/11\/IMG-2739-1-scaled.jpg\" data-width=\"2560\" src=\"https:\/\/i0.wp.com\/jmhuarte.educacion.navarra.es\/web1\/wp-content\/uploads\/2020\/11\/IMG-2739-1-scaled.jpg?ssl=1&amp;resize=1920%2C1920\" layout=\"responsive\"\/><\/figure><\/div><\/div><\/div><\/div>\n\n\n\n<p class=\"has-text-align-center\">Mirad todo lo que han trabajado:<\/p>\n\n\n\n<div class=\"wp-block-jetpack-tiled-gallery aligncenter is-style-rectangular\"><div class=\"tiled-gallery__gallery\"><div class=\"tiled-gallery__row\"><div class=\"tiled-gallery__col\" style=\"flex-basis:65.19739744994287%\"><figure class=\"tiled-gallery__item\"><img alt=\"\" data-height=\"1920\" data-id=\"6379\" data-link=\"https:\/\/jmhuarte.educacion.navarra.es\/web1\/?attachment_id=6379\" data-url=\"https:\/\/jmhuarte.educacion.navarra.es\/web1\/wp-content\/uploads\/2020\/11\/IMG-2741-1-scaled.jpg\" data-width=\"2560\" src=\"https:\/\/i2.wp.com\/jmhuarte.educacion.navarra.es\/web1\/wp-content\/uploads\/2020\/11\/IMG-2741-1-scaled.jpg?ssl=1\" layout=\"responsive\"\/><\/figure><\/div><div class=\"tiled-gallery__col\" style=\"flex-basis:34.802602550057124%\"><figure class=\"tiled-gallery__item\"><img alt=\"\" data-height=\"1824\" data-id=\"6395\" data-link=\"https:\/\/jmhuarte.educacion.navarra.es\/web1\/2020\/11\/26\/los-superheroes-y-las-superheroinas-han-aparecido-en-el-cole\/img-2651\/\" data-url=\"https:\/\/jmhuarte.educacion.navarra.es\/web1\/wp-content\/uploads\/2020\/12\/IMG-2651-scaled.jpg\" data-width=\"2560\" src=\"https:\/\/i1.wp.com\/jmhuarte.educacion.navarra.es\/web1\/wp-content\/uploads\/2020\/12\/IMG-2651-scaled.jpg?ssl=1\" layout=\"responsive\"\/><\/figure><figure class=\"tiled-gallery__item\"><img alt=\"\" data-height=\"1121\" data-id=\"6396\" data-link=\"https:\/\/jmhuarte.educacion.navarra.es\/web1\/2020\/11\/26\/los-superheroes-y-las-superheroinas-han-aparecido-en-el-cole\/photo-2020-11-17-09-57-51-3\/\" data-url=\"https:\/\/jmhuarte.educacion.navarra.es\/web1\/wp-content\/uploads\/2020\/12\/PHOTO-2020-11-17-09-57-51-3.jpg\" data-width=\"1645\" src=\"https:\/\/i1.wp.com\/jmhuarte.educacion.navarra.es\/web1\/wp-content\/uploads\/2020\/12\/PHOTO-2020-11-17-09-57-51-3.jpg?ssl=1\" layout=\"responsive\"\/><\/figure><\/div><\/div><div class=\"tiled-gallery__row\"><div class=\"tiled-gallery__col\" style=\"flex-basis:52.75453132617953%\"><figure class=\"tiled-gallery__item\"><img alt=\"\" data-height=\"1152\" data-id=\"6397\" data-link=\"https:\/\/jmhuarte.educacion.navarra.es\/web1\/2020\/11\/26\/los-superheroes-y-las-superheroinas-han-aparecido-en-el-cole\/photo-2020-11-17-09-57-52\/\" data-url=\"https:\/\/jmhuarte.educacion.navarra.es\/web1\/wp-content\/uploads\/2020\/12\/PHOTO-2020-11-17-09-57-52.jpg\" data-width=\"2048\" src=\"https:\/\/i2.wp.com\/jmhuarte.educacion.navarra.es\/web1\/wp-content\/uploads\/2020\/12\/PHOTO-2020-11-17-09-57-52.jpg?ssl=1\" layout=\"responsive\"\/><\/figure><\/div><div class=\"tiled-gallery__col\" style=\"flex-basis:47.24546867382046%\"><figure class=\"tiled-gallery__item\"><img alt=\"\" data-height=\"1076\" data-id=\"6398\" data-link=\"https:\/\/jmhuarte.educacion.navarra.es\/web1\/2020\/11\/26\/los-superheroes-y-las-superheroinas-han-aparecido-en-el-cole\/photo-2020-11-17-09-57-53\/\" data-url=\"https:\/\/jmhuarte.educacion.navarra.es\/web1\/wp-content\/uploads\/2020\/12\/PHOTO-2020-11-17-09-57-53.jpg\" data-width=\"1712\" src=\"https:\/\/i1.wp.com\/jmhuarte.educacion.navarra.es\/web1\/wp-content\/uploads\/2020\/12\/PHOTO-2020-11-17-09-57-53.jpg?ssl=1\" layout=\"responsive\"\/><\/figure><\/div><\/div><\/div><\/div>\n\n\n\n<p class=\"has-text-align-center\">Una ciudad entera para los superh\u00e9roes y superhero\u00ednas.<\/p>\n\n\n\n<div class=\"wp-block-jetpack-tiled-gallery aligncenter is-style-columns\"><div class=\"tiled-gallery__gallery\"><div class=\"tiled-gallery__row\"><div class=\"tiled-gallery__col\" style=\"flex-basis:100%\"><figure class=\"tiled-gallery__item\"><img alt=\"\" data-height=\"1920\" data-id=\"6380\" data-link=\"https:\/\/jmhuarte.educacion.navarra.es\/web1\/?attachment_id=6380\" data-url=\"https:\/\/jmhuarte.educacion.navarra.es\/web1\/wp-content\/uploads\/2020\/11\/IMG-2742-2-scaled.jpg\" data-width=\"2560\" src=\"https:\/\/i0.wp.com\/jmhuarte.educacion.navarra.es\/web1\/wp-content\/uploads\/2020\/11\/IMG-2742-2-scaled.jpg?ssl=1\" layout=\"responsive\"\/><\/figure><figure class=\"tiled-gallery__item\"><img alt=\"\" data-height=\"1920\" data-id=\"6381\" data-link=\"https:\/\/jmhuarte.educacion.navarra.es\/web1\/?attachment_id=6381\" data-url=\"https:\/\/jmhuarte.educacion.navarra.es\/web1\/wp-content\/uploads\/2020\/11\/IMG-2743-2-scaled.jpg\" data-width=\"2560\" src=\"https:\/\/i2.wp.com\/jmhuarte.educacion.navarra.es\/web1\/wp-content\/uploads\/2020\/11\/IMG-2743-2-scaled.jpg?ssl=1\" layout=\"responsive\"\/><\/figure><\/div><\/div><\/div><\/div>\n\n\n\n<p class=\"has-text-align-center\">Seguimos aprendiendo con ellos!<\/p>\n","protected":false},"excerpt":{"rendered":"<p>Los ni\u00f1os y ni\u00f1as de 4 a\u00f1os est\u00e1n inmersos en un proyecto con los superh\u00e9roes y las superhero\u00ednas. Estos amigos y amigas han venido para ayudarles a aprender un mont\u00f3n de cosas. \u00bfQuer\u00e9is ver todo lo que han hecho con ellos? Todos se han convertido en aut\u00e9nticos h\u00e9roes y heroinas para aprender. Mirad todo lo [&hellip;]<\/p>\n","protected":false},"author":1,"featured_media":6371,"comment_status":"open","ping_status":"open","sticky":false,"template":"","format":"standard","meta":{"_genesis_hide_title":false,"_genesis_hide_breadcrumbs":false,"_genesis_hide_singular_image":false,"_genesis_hide_footer_widgets":false,"_genesis_custom_body_class":"","_genesis_custom_post_class":"","_genesis_layout":""},"categories":[160,1],"tags":[],"_links":{"self":[{"href":"https:\/\/jmhuarte.educacion.navarra.es\/web1\/wp-json\/wp\/v2\/posts\/6360"}],"collection":[{"href":"https:\/\/jmhuarte.educacion.navarra.es\/web1\/wp-json\/wp\/v2\/posts"}],"about":[{"href":"https:\/\/jmhuarte.educacion.navarra.es\/web1\/wp-json\/wp\/v2\/types\/post"}],"author":[{"embeddable":true,"href":"https:\/\/jmhuarte.educacion.navarra.es\/web1\/wp-json\/wp\/v2\/users\/1"}],"replies":[{"embeddable":true,"href":"https:\/\/jmhuarte.educacion.navarra.es\/web1\/wp-json\/wp\/v2\/comments?post=6360"}],"version-history":[{"count":5,"href":"https:\/\/jmhuarte.educacion.navarra.es\/web1\/wp-json\/wp\/v2\/posts\/6360\/revisions"}],"predecessor-version":[{"id":6400,"href":"https:\/\/jmhuarte.educacion.navarra.es\/web1\/wp-json\/wp\/v2\/posts\/6360\/revisions\/6400"}],"wp:featuredmedia":[{"embeddable":true,"href":"https:\/\/jmhuarte.educacion.navarra.es\/web1\/wp-json\/wp\/v2\/media\/6371"}],"wp:attachment":[{"href":"https:\/\/jmhuarte.educacion.navarra.es\/web1\/wp-json\/wp\/v2\/media?parent=6360"}],"wp:term":[{"taxonomy":"category","embeddable":true,"href":"https:\/\/jmhuarte.educacion.navarra.es\/web1\/wp-json\/wp\/v2\/categories?post=6360"},{"taxonomy":"post_tag","embeddable":true,"href":"https:\/\/jmhuarte.educacion.navarra.es\/web1\/wp-json\/wp\/v2\/tags?post=6360"}],"curies":[{"name":"wp","href":"https:\/\/api.w.org\/{rel}","templated":true}]}}