{"id":5947,"date":"2020-04-29T11:30:48","date_gmt":"2020-04-29T09:30:48","guid":{"rendered":"https:\/\/jmhuarte.educacion.navarra.es\/web1\/?p=5947"},"modified":"2020-05-05T10:26:59","modified_gmt":"2020-05-05T08:26:59","slug":"dia-de-la-educacion-fisica-en-la-calle","status":"publish","type":"post","link":"https:\/\/jmhuarte.educacion.navarra.es\/web1\/2020\/04\/29\/dia-de-la-educacion-fisica-en-la-calle\/","title":{"rendered":"D\u00eda de la Educaci\u00f3n F\u00edsica en la calle"},"content":{"rendered":"\n<p class=\"has-text-align-center\">Buenos d\u00edas a todos\/as,<\/p>\n\n\n\n<p class=\"has-background has-text-align-center has-vivid-cyan-blue-background-color\">\u00a1FELIZ D\u00cdA DE LA EDUCACI\u00d3N F\u00cdSICA EN LA CALLE!<\/p>\n\n\n\n<div class=\"wp-block-image\"><figure class=\"aligncenter is-resized\"><img loading=\"lazy\" src=\"https:\/\/www.gijon.es\/\/data\/images\/f0\/f1\/118231\/1232x1036_v1_Capturadepantalla2020-04-27alas12.34.21.png\" alt=\"Patronato Deportivo Municipal de Gij\u00f3n\" width=\"377\" height=\"316\"\/><\/figure><\/div>\n\n\n\n<p><\/p>\n\n\n\n<p>Como ya sab\u00e9is, el 28 de abril se celebra este a\u00f1o el <strong>D\u00eda de la Educaci\u00f3n F\u00edsica en la Calle<\/strong>, cambiando de nombre por primera vez ya que lo tuvimos que hacer desde nuestras casas.<\/p>\n\n\n\n<p class=\"has-text-align-center\">El <strong>DEFC<\/strong> es una iniciativa que busca mostrar la importancia de la Educaci\u00f3n F\u00edsica, darla a conocer fuera de los centros, fomentar la pr\u00e1ctica de actividades f\u00edsicas variadas, as\u00ed como promover la necesidad de un aumento de horas de Educaci\u00f3n F\u00edsica semanales en el sistema educativo espa\u00f1ol.&nbsp;<\/p>\n\n\n\n<p class=\"has-text-align-center\">Desde vuestras casas hab\u00e9is podido celebrar este d\u00eda practicando distintos deportes, para no quedarnos sin esta celebraci\u00f3n, a trav\u00e9s del reto teatro deportivo y colocando carteles y pancartas desde vuestros balcones.<\/p>\n\n\n\n<p class=\"has-text-align-center\">Muchas gracias a todos por la participaci\u00f3n, aqu\u00ed os dejamos un v\u00eddeo para que lo disfrut\u00e9is<\/p>\n\n\n\n<iframe loading=\"lazy\" title=\"D\u00cdA DE LA EDUCACI\u00d3N F\u00cdSICA EN LA CALLE 2020 (CPEIP JOSE MAR\u00cdA DE HUARTE)\" width=\"500\" height=\"281\" src=\"https:\/\/www.youtube.com\/embed\/a__7o86CUuo?feature=oembed\" frameborder=\"0\" allow=\"accelerometer; autoplay; encrypted-media; gyroscope; picture-in-picture\" allowfullscreen><\/iframe>\n\n\n\n<p><\/p>\n","protected":false},"excerpt":{"rendered":"<p>Buenos d\u00edas a todos\/as, \u00a1FELIZ D\u00cdA DE LA EDUCACI\u00d3N F\u00cdSICA EN LA CALLE! Como ya sab\u00e9is, el 28 de abril se celebra este a\u00f1o el D\u00eda de la Educaci\u00f3n F\u00edsica en la Calle, cambiando de nombre por primera vez ya que lo tuvimos que hacer desde nuestras casas. El DEFC es una iniciativa que busca [&hellip;]<\/p>\n","protected":false},"author":1,"featured_media":5950,"comment_status":"open","ping_status":"open","sticky":false,"template":"","format":"standard","meta":{"_genesis_hide_title":false,"_genesis_hide_breadcrumbs":false,"_genesis_hide_singular_image":false,"_genesis_hide_footer_widgets":false,"_genesis_custom_body_class":"","_genesis_custom_post_class":"","_genesis_layout":""},"categories":[1],"tags":[],"_links":{"self":[{"href":"https:\/\/jmhuarte.educacion.navarra.es\/web1\/wp-json\/wp\/v2\/posts\/5947"}],"collection":[{"href":"https:\/\/jmhuarte.educacion.navarra.es\/web1\/wp-json\/wp\/v2\/posts"}],"about":[{"href":"https:\/\/jmhuarte.educacion.navarra.es\/web1\/wp-json\/wp\/v2\/types\/post"}],"author":[{"embeddable":true,"href":"https:\/\/jmhuarte.educacion.navarra.es\/web1\/wp-json\/wp\/v2\/users\/1"}],"replies":[{"embeddable":true,"href":"https:\/\/jmhuarte.educacion.navarra.es\/web1\/wp-json\/wp\/v2\/comments?post=5947"}],"version-history":[{"count":6,"href":"https:\/\/jmhuarte.educacion.navarra.es\/web1\/wp-json\/wp\/v2\/posts\/5947\/revisions"}],"predecessor-version":[{"id":5966,"href":"https:\/\/jmhuarte.educacion.navarra.es\/web1\/wp-json\/wp\/v2\/posts\/5947\/revisions\/5966"}],"wp:featuredmedia":[{"embeddable":true,"href":"https:\/\/jmhuarte.educacion.navarra.es\/web1\/wp-json\/wp\/v2\/media\/5950"}],"wp:attachment":[{"href":"https:\/\/jmhuarte.educacion.navarra.es\/web1\/wp-json\/wp\/v2\/media?parent=5947"}],"wp:term":[{"taxonomy":"category","embeddable":true,"href":"https:\/\/jmhuarte.educacion.navarra.es\/web1\/wp-json\/wp\/v2\/categories?post=5947"},{"taxonomy":"post_tag","embeddable":true,"href":"https:\/\/jmhuarte.educacion.navarra.es\/web1\/wp-json\/wp\/v2\/tags?post=5947"}],"curies":[{"name":"wp","href":"https:\/\/api.w.org\/{rel}","templated":true}]}}