{"id":2983,"date":"2019-03-04T18:27:21","date_gmt":"2019-03-04T17:27:21","guid":{"rendered":"http:\/\/jmhuarte.educacion.navarra.es\/web1\/?p=2983"},"modified":"2019-03-04T18:27:29","modified_gmt":"2019-03-04T17:27:29","slug":"un-carnaval-de-pelicula","status":"publish","type":"post","link":"https:\/\/jmhuarte.educacion.navarra.es\/web1\/2019\/03\/04\/un-carnaval-de-pelicula\/","title":{"rendered":"Un carnaval de pel\u00edcula"},"content":{"rendered":"\n<p style=\"text-align:center\">El pasado 28 de febrero el colegio celebr\u00f3 el festiva de carnaval.                 Este a\u00f1o el festival estuvo relacionado con las bandas sonoras de pel\u00edculas. Cada curso eligi\u00f3 una banda sonora y se prepar\u00f3 con sus personajes principales.        <\/p>\n\n\n\n<p style=\"text-align:center\">Este fue el resultado. Los espectadores dieron buena valoraci\u00f3n al espect\u00e1culo. <\/p>\n\n\n\n<p>Infantil eligi\u00f3 \u00abEl Rey le\u00f3n\u00bb. 3 a\u00f1os fueron de cebras, 4 a\u00f1os fueron de monos y 5 a\u00f1os fueron de leones. Desfilaron con la canci\u00f3n \u00abYo quiero ser el rey le\u00f3n\u00bb<\/p>\n\n\n\n<ul class=\"wp-block-gallery columns-3 is-cropped\"><li class=\"blocks-gallery-item\"><figure><img loading=\"lazy\" width=\"1024\" height=\"1024\" src=\"http:\/\/jmhuarte.educacion.navarra.es\/web1\/wp-content\/uploads\/2019\/03\/Infantil-8-1024x1024.jpg\" alt=\"\" data-id=\"2987\" data-link=\"http:\/\/jmhuarte.educacion.navarra.es\/web1\/?attachment_id=2987\" class=\"wp-image-2987\" srcset=\"https:\/\/jmhuarte.educacion.navarra.es\/web1\/wp-content\/uploads\/2019\/03\/Infantil-8-1024x1024.jpg 1024w, https:\/\/jmhuarte.educacion.navarra.es\/web1\/wp-content\/uploads\/2019\/03\/Infantil-8-150x150.jpg 150w, https:\/\/jmhuarte.educacion.navarra.es\/web1\/wp-content\/uploads\/2019\/03\/Infantil-8-300x300.jpg 300w, https:\/\/jmhuarte.educacion.navarra.es\/web1\/wp-content\/uploads\/2019\/03\/Infantil-8-768x768.jpg 768w\" sizes=\"(max-width: 1024px) 100vw, 1024px\" \/><\/figure><\/li><li class=\"blocks-gallery-item\"><figure><img loading=\"lazy\" width=\"1024\" height=\"768\" src=\"http:\/\/jmhuarte.educacion.navarra.es\/web1\/wp-content\/uploads\/2019\/03\/Infantil-12-1024x768.jpg\" alt=\"\" data-id=\"2988\" data-link=\"http:\/\/jmhuarte.educacion.navarra.es\/web1\/?attachment_id=2988\" class=\"wp-image-2988\" srcset=\"https:\/\/jmhuarte.educacion.navarra.es\/web1\/wp-content\/uploads\/2019\/03\/Infantil-12-1024x768.jpg 1024w, https:\/\/jmhuarte.educacion.navarra.es\/web1\/wp-content\/uploads\/2019\/03\/Infantil-12-300x225.jpg 300w, https:\/\/jmhuarte.educacion.navarra.es\/web1\/wp-content\/uploads\/2019\/03\/Infantil-12-768x576.jpg 768w\" sizes=\"(max-width: 1024px) 100vw, 1024px\" \/><\/figure><\/li><li class=\"blocks-gallery-item\"><figure><img loading=\"lazy\" width=\"1024\" height=\"768\" src=\"http:\/\/jmhuarte.educacion.navarra.es\/web1\/wp-content\/uploads\/2019\/03\/Infantil-13-1024x768.jpg\" alt=\"\" data-id=\"2990\" data-link=\"http:\/\/jmhuarte.educacion.navarra.es\/web1\/?attachment_id=2990\" class=\"wp-image-2990\" srcset=\"https:\/\/jmhuarte.educacion.navarra.es\/web1\/wp-content\/uploads\/2019\/03\/Infantil-13-1024x768.jpg 1024w, https:\/\/jmhuarte.educacion.navarra.es\/web1\/wp-content\/uploads\/2019\/03\/Infantil-13-300x225.jpg 300w, https:\/\/jmhuarte.educacion.navarra.es\/web1\/wp-content\/uploads\/2019\/03\/Infantil-13-768x576.jpg 768w\" sizes=\"(max-width: 1024px) 100vw, 1024px\" \/><\/figure><\/li><li class=\"blocks-gallery-item\"><figure><img loading=\"lazy\" width=\"1024\" height=\"1024\" src=\"http:\/\/jmhuarte.educacion.navarra.es\/web1\/wp-content\/uploads\/2019\/03\/Infantil-15-1024x1024.jpg\" alt=\"\" data-id=\"2991\" data-link=\"http:\/\/jmhuarte.educacion.navarra.es\/web1\/?attachment_id=2991\" class=\"wp-image-2991\" srcset=\"https:\/\/jmhuarte.educacion.navarra.es\/web1\/wp-content\/uploads\/2019\/03\/Infantil-15-1024x1024.jpg 1024w, https:\/\/jmhuarte.educacion.navarra.es\/web1\/wp-content\/uploads\/2019\/03\/Infantil-15-150x150.jpg 150w, https:\/\/jmhuarte.educacion.navarra.es\/web1\/wp-content\/uploads\/2019\/03\/Infantil-15-300x300.jpg 300w, https:\/\/jmhuarte.educacion.navarra.es\/web1\/wp-content\/uploads\/2019\/03\/Infantil-15-768x768.jpg 768w\" sizes=\"(max-width: 1024px) 100vw, 1024px\" \/><\/figure><\/li><\/ul>\n\n\n\n<p>1\u00ba de Primaria eligi\u00f3 \u00abBlancanieves\u00bb y desfil\u00f3 al ritmo de \u00abAy ho\u00bb.<\/p>\n\n\n\n<ul class=\"wp-block-gallery columns-3 is-cropped\"><li class=\"blocks-gallery-item\"><figure><img loading=\"lazy\" width=\"1024\" height=\"768\" src=\"http:\/\/jmhuarte.educacion.navarra.es\/web1\/wp-content\/uploads\/2019\/03\/1\u00ba-1-1024x768.jpg\" alt=\"\" data-id=\"2989\" data-link=\"http:\/\/jmhuarte.educacion.navarra.es\/web1\/?attachment_id=2989\" class=\"wp-image-2989\" srcset=\"https:\/\/jmhuarte.educacion.navarra.es\/web1\/wp-content\/uploads\/2019\/03\/1\u00ba-1-1024x768.jpg 1024w, https:\/\/jmhuarte.educacion.navarra.es\/web1\/wp-content\/uploads\/2019\/03\/1\u00ba-1-300x225.jpg 300w, https:\/\/jmhuarte.educacion.navarra.es\/web1\/wp-content\/uploads\/2019\/03\/1\u00ba-1-768x576.jpg 768w\" sizes=\"(max-width: 1024px) 100vw, 1024px\" \/><\/figure><\/li><li class=\"blocks-gallery-item\"><figure><img loading=\"lazy\" width=\"1024\" height=\"768\" src=\"http:\/\/jmhuarte.educacion.navarra.es\/web1\/wp-content\/uploads\/2019\/03\/1\u00ba-2-1024x768.jpg\" alt=\"\" data-id=\"2992\" data-link=\"http:\/\/jmhuarte.educacion.navarra.es\/web1\/?attachment_id=2992\" class=\"wp-image-2992\" srcset=\"https:\/\/jmhuarte.educacion.navarra.es\/web1\/wp-content\/uploads\/2019\/03\/1\u00ba-2-1024x768.jpg 1024w, https:\/\/jmhuarte.educacion.navarra.es\/web1\/wp-content\/uploads\/2019\/03\/1\u00ba-2-300x225.jpg 300w, https:\/\/jmhuarte.educacion.navarra.es\/web1\/wp-content\/uploads\/2019\/03\/1\u00ba-2-768x576.jpg 768w\" sizes=\"(max-width: 1024px) 100vw, 1024px\" \/><\/figure><\/li><li class=\"blocks-gallery-item\"><figure><img loading=\"lazy\" width=\"1024\" height=\"768\" src=\"http:\/\/jmhuarte.educacion.navarra.es\/web1\/wp-content\/uploads\/2019\/03\/1\u00ba-4-1024x768.jpg\" alt=\"\" data-id=\"2998\" data-link=\"http:\/\/jmhuarte.educacion.navarra.es\/web1\/?attachment_id=2998\" class=\"wp-image-2998\" srcset=\"https:\/\/jmhuarte.educacion.navarra.es\/web1\/wp-content\/uploads\/2019\/03\/1\u00ba-4-1024x768.jpg 1024w, https:\/\/jmhuarte.educacion.navarra.es\/web1\/wp-content\/uploads\/2019\/03\/1\u00ba-4-300x225.jpg 300w, https:\/\/jmhuarte.educacion.navarra.es\/web1\/wp-content\/uploads\/2019\/03\/1\u00ba-4-768x576.jpg 768w\" sizes=\"(max-width: 1024px) 100vw, 1024px\" \/><\/figure><\/li><li class=\"blocks-gallery-item\"><figure><img loading=\"lazy\" width=\"1024\" height=\"768\" src=\"http:\/\/jmhuarte.educacion.navarra.es\/web1\/wp-content\/uploads\/2019\/03\/1\u00ba-5-1024x768.jpg\" alt=\"\" data-id=\"3006\" data-link=\"http:\/\/jmhuarte.educacion.navarra.es\/web1\/?attachment_id=3006\" class=\"wp-image-3006\" srcset=\"https:\/\/jmhuarte.educacion.navarra.es\/web1\/wp-content\/uploads\/2019\/03\/1\u00ba-5-1024x768.jpg 1024w, https:\/\/jmhuarte.educacion.navarra.es\/web1\/wp-content\/uploads\/2019\/03\/1\u00ba-5-300x225.jpg 300w, https:\/\/jmhuarte.educacion.navarra.es\/web1\/wp-content\/uploads\/2019\/03\/1\u00ba-5-768x576.jpg 768w\" sizes=\"(max-width: 1024px) 100vw, 1024px\" \/><\/figure><\/li><li class=\"blocks-gallery-item\"><figure><img loading=\"lazy\" width=\"1024\" height=\"768\" src=\"http:\/\/jmhuarte.educacion.navarra.es\/web1\/wp-content\/uploads\/2019\/03\/1\u00ba-6-1024x768.jpg\" alt=\"\" data-id=\"3020\" data-link=\"http:\/\/jmhuarte.educacion.navarra.es\/web1\/?attachment_id=3020\" class=\"wp-image-3020\" srcset=\"https:\/\/jmhuarte.educacion.navarra.es\/web1\/wp-content\/uploads\/2019\/03\/1\u00ba-6-1024x768.jpg 1024w, https:\/\/jmhuarte.educacion.navarra.es\/web1\/wp-content\/uploads\/2019\/03\/1\u00ba-6-300x225.jpg 300w, https:\/\/jmhuarte.educacion.navarra.es\/web1\/wp-content\/uploads\/2019\/03\/1\u00ba-6-768x576.jpg 768w\" sizes=\"(max-width: 1024px) 100vw, 1024px\" \/><\/figure><\/li><\/ul>\n\n\n\n<p>2 \u00ba de Primaria eligi\u00f3 \u00abFondo del mar\u00bb y desfil\u00f3 al son de \u00abBajo el mar\u00bb de la Sirenita.<\/p>\n\n\n\n<ul class=\"wp-block-gallery columns-3 is-cropped\"><li class=\"blocks-gallery-item\"><figure><img loading=\"lazy\" width=\"1024\" height=\"768\" src=\"http:\/\/jmhuarte.educacion.navarra.es\/web1\/wp-content\/uploads\/2019\/03\/2\u00ba-2-1024x768.jpg\" alt=\"\" data-id=\"2993\" data-link=\"http:\/\/jmhuarte.educacion.navarra.es\/web1\/?attachment_id=2993\" class=\"wp-image-2993\" srcset=\"https:\/\/jmhuarte.educacion.navarra.es\/web1\/wp-content\/uploads\/2019\/03\/2\u00ba-2-1024x768.jpg 1024w, https:\/\/jmhuarte.educacion.navarra.es\/web1\/wp-content\/uploads\/2019\/03\/2\u00ba-2-300x225.jpg 300w, https:\/\/jmhuarte.educacion.navarra.es\/web1\/wp-content\/uploads\/2019\/03\/2\u00ba-2-768x576.jpg 768w\" sizes=\"(max-width: 1024px) 100vw, 1024px\" \/><\/figure><\/li><li class=\"blocks-gallery-item\"><figure><img loading=\"lazy\" width=\"1024\" height=\"768\" src=\"http:\/\/jmhuarte.educacion.navarra.es\/web1\/wp-content\/uploads\/2019\/03\/2\u00ba-3-1024x768.jpg\" alt=\"\" data-id=\"2995\" data-link=\"http:\/\/jmhuarte.educacion.navarra.es\/web1\/?attachment_id=2995\" class=\"wp-image-2995\" srcset=\"https:\/\/jmhuarte.educacion.navarra.es\/web1\/wp-content\/uploads\/2019\/03\/2\u00ba-3-1024x768.jpg 1024w, https:\/\/jmhuarte.educacion.navarra.es\/web1\/wp-content\/uploads\/2019\/03\/2\u00ba-3-300x225.jpg 300w, https:\/\/jmhuarte.educacion.navarra.es\/web1\/wp-content\/uploads\/2019\/03\/2\u00ba-3-768x576.jpg 768w\" sizes=\"(max-width: 1024px) 100vw, 1024px\" \/><\/figure><\/li><li class=\"blocks-gallery-item\"><figure><img loading=\"lazy\" width=\"1024\" height=\"768\" src=\"http:\/\/jmhuarte.educacion.navarra.es\/web1\/wp-content\/uploads\/2019\/03\/2\u00ba-4-1024x768.jpg\" alt=\"\" data-id=\"2996\" data-link=\"http:\/\/jmhuarte.educacion.navarra.es\/web1\/?attachment_id=2996\" class=\"wp-image-2996\" srcset=\"https:\/\/jmhuarte.educacion.navarra.es\/web1\/wp-content\/uploads\/2019\/03\/2\u00ba-4-1024x768.jpg 1024w, https:\/\/jmhuarte.educacion.navarra.es\/web1\/wp-content\/uploads\/2019\/03\/2\u00ba-4-300x225.jpg 300w, https:\/\/jmhuarte.educacion.navarra.es\/web1\/wp-content\/uploads\/2019\/03\/2\u00ba-4-768x576.jpg 768w\" sizes=\"(max-width: 1024px) 100vw, 1024px\" \/><\/figure><\/li><li class=\"blocks-gallery-item\"><figure><img loading=\"lazy\" width=\"1024\" height=\"768\" src=\"http:\/\/jmhuarte.educacion.navarra.es\/web1\/wp-content\/uploads\/2019\/03\/2\u00ba-5-1024x768.jpg\" alt=\"\" data-id=\"2999\" data-link=\"http:\/\/jmhuarte.educacion.navarra.es\/web1\/?attachment_id=2999\" class=\"wp-image-2999\" srcset=\"https:\/\/jmhuarte.educacion.navarra.es\/web1\/wp-content\/uploads\/2019\/03\/2\u00ba-5-1024x768.jpg 1024w, https:\/\/jmhuarte.educacion.navarra.es\/web1\/wp-content\/uploads\/2019\/03\/2\u00ba-5-300x225.jpg 300w, https:\/\/jmhuarte.educacion.navarra.es\/web1\/wp-content\/uploads\/2019\/03\/2\u00ba-5-768x576.jpg 768w\" sizes=\"(max-width: 1024px) 100vw, 1024px\" \/><\/figure><\/li><li class=\"blocks-gallery-item\"><figure><img loading=\"lazy\" width=\"1024\" height=\"768\" src=\"http:\/\/jmhuarte.educacion.navarra.es\/web1\/wp-content\/uploads\/2019\/03\/2\u00ba-8-1024x768.jpg\" alt=\"\" data-id=\"3000\" data-link=\"http:\/\/jmhuarte.educacion.navarra.es\/web1\/?attachment_id=3000\" class=\"wp-image-3000\" srcset=\"https:\/\/jmhuarte.educacion.navarra.es\/web1\/wp-content\/uploads\/2019\/03\/2\u00ba-8-1024x768.jpg 1024w, https:\/\/jmhuarte.educacion.navarra.es\/web1\/wp-content\/uploads\/2019\/03\/2\u00ba-8-300x225.jpg 300w, https:\/\/jmhuarte.educacion.navarra.es\/web1\/wp-content\/uploads\/2019\/03\/2\u00ba-8-768x576.jpg 768w\" sizes=\"(max-width: 1024px) 100vw, 1024px\" \/><\/figure><\/li><li class=\"blocks-gallery-item\"><figure><img loading=\"lazy\" width=\"1024\" height=\"768\" src=\"http:\/\/jmhuarte.educacion.navarra.es\/web1\/wp-content\/uploads\/2019\/03\/2\u00ba-10-1024x768.jpg\" alt=\"\" data-id=\"3013\" data-link=\"http:\/\/jmhuarte.educacion.navarra.es\/web1\/?attachment_id=3013\" class=\"wp-image-3013\" srcset=\"https:\/\/jmhuarte.educacion.navarra.es\/web1\/wp-content\/uploads\/2019\/03\/2\u00ba-10-1024x768.jpg 1024w, https:\/\/jmhuarte.educacion.navarra.es\/web1\/wp-content\/uploads\/2019\/03\/2\u00ba-10-300x225.jpg 300w, https:\/\/jmhuarte.educacion.navarra.es\/web1\/wp-content\/uploads\/2019\/03\/2\u00ba-10-768x576.jpg 768w\" sizes=\"(max-width: 1024px) 100vw, 1024px\" \/><\/figure><\/li><li class=\"blocks-gallery-item\"><figure><img loading=\"lazy\" width=\"1024\" height=\"768\" src=\"http:\/\/jmhuarte.educacion.navarra.es\/web1\/wp-content\/uploads\/2019\/03\/2\u00ba-11-1024x768.jpg\" alt=\"\" data-id=\"3023\" data-link=\"http:\/\/jmhuarte.educacion.navarra.es\/web1\/?attachment_id=3023\" class=\"wp-image-3023\" srcset=\"https:\/\/jmhuarte.educacion.navarra.es\/web1\/wp-content\/uploads\/2019\/03\/2\u00ba-11-1024x768.jpg 1024w, https:\/\/jmhuarte.educacion.navarra.es\/web1\/wp-content\/uploads\/2019\/03\/2\u00ba-11-300x225.jpg 300w, https:\/\/jmhuarte.educacion.navarra.es\/web1\/wp-content\/uploads\/2019\/03\/2\u00ba-11-768x576.jpg 768w\" sizes=\"(max-width: 1024px) 100vw, 1024px\" \/><\/figure><\/li><li class=\"blocks-gallery-item\"><figure><img loading=\"lazy\" width=\"1024\" height=\"768\" src=\"http:\/\/jmhuarte.educacion.navarra.es\/web1\/wp-content\/uploads\/2019\/03\/2\u00ba-12-1024x768.jpg\" alt=\"\" data-id=\"3030\" data-link=\"http:\/\/jmhuarte.educacion.navarra.es\/web1\/?attachment_id=3030\" class=\"wp-image-3030\" srcset=\"https:\/\/jmhuarte.educacion.navarra.es\/web1\/wp-content\/uploads\/2019\/03\/2\u00ba-12-1024x768.jpg 1024w, https:\/\/jmhuarte.educacion.navarra.es\/web1\/wp-content\/uploads\/2019\/03\/2\u00ba-12-300x225.jpg 300w, https:\/\/jmhuarte.educacion.navarra.es\/web1\/wp-content\/uploads\/2019\/03\/2\u00ba-12-768x576.jpg 768w\" sizes=\"(max-width: 1024px) 100vw, 1024px\" \/><\/figure><\/li><li class=\"blocks-gallery-item\"><figure><img loading=\"lazy\" width=\"1024\" height=\"768\" src=\"http:\/\/jmhuarte.educacion.navarra.es\/web1\/wp-content\/uploads\/2019\/03\/2\u00ba-13-1024x768.jpg\" alt=\"\" data-id=\"3032\" data-link=\"http:\/\/jmhuarte.educacion.navarra.es\/web1\/?attachment_id=3032\" class=\"wp-image-3032\" srcset=\"https:\/\/jmhuarte.educacion.navarra.es\/web1\/wp-content\/uploads\/2019\/03\/2\u00ba-13-1024x768.jpg 1024w, https:\/\/jmhuarte.educacion.navarra.es\/web1\/wp-content\/uploads\/2019\/03\/2\u00ba-13-300x225.jpg 300w, https:\/\/jmhuarte.educacion.navarra.es\/web1\/wp-content\/uploads\/2019\/03\/2\u00ba-13-768x576.jpg 768w\" sizes=\"(max-width: 1024px) 100vw, 1024px\" \/><\/figure><\/li><\/ul>\n\n\n\n<p>3 \u00ba de Primaria eligi\u00f3 \u00abPiratas del Caribe\u00bb y desfil\u00f3 al ritmo de \u00abLa perla negra\u00bb.<\/p>\n\n\n\n<ul class=\"wp-block-gallery columns-3 is-cropped\"><li class=\"blocks-gallery-item\"><figure><img loading=\"lazy\" width=\"1024\" height=\"768\" src=\"http:\/\/jmhuarte.educacion.navarra.es\/web1\/wp-content\/uploads\/2019\/03\/3\u00ba-1-1024x768.jpg\" alt=\"\" data-id=\"2994\" data-link=\"http:\/\/jmhuarte.educacion.navarra.es\/web1\/?attachment_id=2994\" class=\"wp-image-2994\" srcset=\"https:\/\/jmhuarte.educacion.navarra.es\/web1\/wp-content\/uploads\/2019\/03\/3\u00ba-1-1024x768.jpg 1024w, https:\/\/jmhuarte.educacion.navarra.es\/web1\/wp-content\/uploads\/2019\/03\/3\u00ba-1-300x225.jpg 300w, https:\/\/jmhuarte.educacion.navarra.es\/web1\/wp-content\/uploads\/2019\/03\/3\u00ba-1-768x576.jpg 768w\" sizes=\"(max-width: 1024px) 100vw, 1024px\" \/><\/figure><\/li><li class=\"blocks-gallery-item\"><figure><img loading=\"lazy\" width=\"1024\" height=\"768\" src=\"http:\/\/jmhuarte.educacion.navarra.es\/web1\/wp-content\/uploads\/2019\/03\/3\u00ba-2-1024x768.jpg\" alt=\"\" data-id=\"3002\" data-link=\"http:\/\/jmhuarte.educacion.navarra.es\/web1\/?attachment_id=3002\" class=\"wp-image-3002\" srcset=\"https:\/\/jmhuarte.educacion.navarra.es\/web1\/wp-content\/uploads\/2019\/03\/3\u00ba-2-1024x768.jpg 1024w, https:\/\/jmhuarte.educacion.navarra.es\/web1\/wp-content\/uploads\/2019\/03\/3\u00ba-2-300x225.jpg 300w, https:\/\/jmhuarte.educacion.navarra.es\/web1\/wp-content\/uploads\/2019\/03\/3\u00ba-2-768x576.jpg 768w\" sizes=\"(max-width: 1024px) 100vw, 1024px\" \/><\/figure><\/li><li class=\"blocks-gallery-item\"><figure><img loading=\"lazy\" width=\"1024\" height=\"768\" src=\"http:\/\/jmhuarte.educacion.navarra.es\/web1\/wp-content\/uploads\/2019\/03\/3\u00ba-5-1024x768.jpg\" alt=\"\" data-id=\"3009\" data-link=\"http:\/\/jmhuarte.educacion.navarra.es\/web1\/?attachment_id=3009\" class=\"wp-image-3009\" srcset=\"https:\/\/jmhuarte.educacion.navarra.es\/web1\/wp-content\/uploads\/2019\/03\/3\u00ba-5-1024x768.jpg 1024w, https:\/\/jmhuarte.educacion.navarra.es\/web1\/wp-content\/uploads\/2019\/03\/3\u00ba-5-300x225.jpg 300w, https:\/\/jmhuarte.educacion.navarra.es\/web1\/wp-content\/uploads\/2019\/03\/3\u00ba-5-768x576.jpg 768w\" sizes=\"(max-width: 1024px) 100vw, 1024px\" \/><\/figure><\/li><li class=\"blocks-gallery-item\"><figure><img loading=\"lazy\" width=\"1024\" height=\"768\" src=\"http:\/\/jmhuarte.educacion.navarra.es\/web1\/wp-content\/uploads\/2019\/03\/3\u00ba-8-1024x768.jpg\" alt=\"\" data-id=\"3012\" data-link=\"http:\/\/jmhuarte.educacion.navarra.es\/web1\/?attachment_id=3012\" class=\"wp-image-3012\" srcset=\"https:\/\/jmhuarte.educacion.navarra.es\/web1\/wp-content\/uploads\/2019\/03\/3\u00ba-8-1024x768.jpg 1024w, https:\/\/jmhuarte.educacion.navarra.es\/web1\/wp-content\/uploads\/2019\/03\/3\u00ba-8-300x225.jpg 300w, https:\/\/jmhuarte.educacion.navarra.es\/web1\/wp-content\/uploads\/2019\/03\/3\u00ba-8-768x576.jpg 768w\" sizes=\"(max-width: 1024px) 100vw, 1024px\" \/><\/figure><\/li><li class=\"blocks-gallery-item\"><figure><img loading=\"lazy\" width=\"1024\" height=\"768\" src=\"http:\/\/jmhuarte.educacion.navarra.es\/web1\/wp-content\/uploads\/2019\/03\/3\u00ba-9-1024x768.jpg\" alt=\"\" data-id=\"3015\" data-link=\"http:\/\/jmhuarte.educacion.navarra.es\/web1\/?attachment_id=3015\" class=\"wp-image-3015\" srcset=\"https:\/\/jmhuarte.educacion.navarra.es\/web1\/wp-content\/uploads\/2019\/03\/3\u00ba-9-1024x768.jpg 1024w, https:\/\/jmhuarte.educacion.navarra.es\/web1\/wp-content\/uploads\/2019\/03\/3\u00ba-9-300x225.jpg 300w, https:\/\/jmhuarte.educacion.navarra.es\/web1\/wp-content\/uploads\/2019\/03\/3\u00ba-9-768x576.jpg 768w\" sizes=\"(max-width: 1024px) 100vw, 1024px\" \/><\/figure><\/li><li class=\"blocks-gallery-item\"><figure><img loading=\"lazy\" width=\"1024\" height=\"768\" src=\"http:\/\/jmhuarte.educacion.navarra.es\/web1\/wp-content\/uploads\/2019\/03\/3\u00ba-11-1024x768.jpg\" alt=\"\" data-id=\"3021\" data-link=\"http:\/\/jmhuarte.educacion.navarra.es\/web1\/?attachment_id=3021\" class=\"wp-image-3021\" srcset=\"https:\/\/jmhuarte.educacion.navarra.es\/web1\/wp-content\/uploads\/2019\/03\/3\u00ba-11-1024x768.jpg 1024w, https:\/\/jmhuarte.educacion.navarra.es\/web1\/wp-content\/uploads\/2019\/03\/3\u00ba-11-300x225.jpg 300w, https:\/\/jmhuarte.educacion.navarra.es\/web1\/wp-content\/uploads\/2019\/03\/3\u00ba-11-768x576.jpg 768w\" sizes=\"(max-width: 1024px) 100vw, 1024px\" \/><\/figure><\/li><li class=\"blocks-gallery-item\"><figure><img loading=\"lazy\" width=\"1024\" height=\"768\" src=\"http:\/\/jmhuarte.educacion.navarra.es\/web1\/wp-content\/uploads\/2019\/03\/3\u00ba-12-1024x768.jpg\" alt=\"\" data-id=\"3024\" data-link=\"http:\/\/jmhuarte.educacion.navarra.es\/web1\/?attachment_id=3024\" class=\"wp-image-3024\" srcset=\"https:\/\/jmhuarte.educacion.navarra.es\/web1\/wp-content\/uploads\/2019\/03\/3\u00ba-12-1024x768.jpg 1024w, https:\/\/jmhuarte.educacion.navarra.es\/web1\/wp-content\/uploads\/2019\/03\/3\u00ba-12-300x225.jpg 300w, https:\/\/jmhuarte.educacion.navarra.es\/web1\/wp-content\/uploads\/2019\/03\/3\u00ba-12-768x576.jpg 768w\" sizes=\"(max-width: 1024px) 100vw, 1024px\" \/><\/figure><\/li><li class=\"blocks-gallery-item\"><figure><img loading=\"lazy\" width=\"1024\" height=\"768\" src=\"http:\/\/jmhuarte.educacion.navarra.es\/web1\/wp-content\/uploads\/2019\/03\/3\u00ba-14-1024x768.jpg\" alt=\"\" data-id=\"3028\" data-link=\"http:\/\/jmhuarte.educacion.navarra.es\/web1\/?attachment_id=3028\" class=\"wp-image-3028\" srcset=\"https:\/\/jmhuarte.educacion.navarra.es\/web1\/wp-content\/uploads\/2019\/03\/3\u00ba-14-1024x768.jpg 1024w, https:\/\/jmhuarte.educacion.navarra.es\/web1\/wp-content\/uploads\/2019\/03\/3\u00ba-14-300x225.jpg 300w, https:\/\/jmhuarte.educacion.navarra.es\/web1\/wp-content\/uploads\/2019\/03\/3\u00ba-14-768x576.jpg 768w\" sizes=\"(max-width: 1024px) 100vw, 1024px\" \/><\/figure><\/li><\/ul>\n\n\n\n<p>4 \u00ba de Primaria escogi\u00f3 a \u00abMichael Jackson\u00bb y bailaron al ritmo de \u00abThriller\u00bb.<\/p>\n\n\n\n<ul class=\"wp-block-gallery columns-3 is-cropped\"><li class=\"blocks-gallery-item\"><figure><img loading=\"lazy\" width=\"1024\" height=\"768\" src=\"http:\/\/jmhuarte.educacion.navarra.es\/web1\/wp-content\/uploads\/2019\/03\/4\u00ba-1-1024x768.jpg\" alt=\"\" data-id=\"2997\" data-link=\"http:\/\/jmhuarte.educacion.navarra.es\/web1\/?attachment_id=2997\" class=\"wp-image-2997\" srcset=\"https:\/\/jmhuarte.educacion.navarra.es\/web1\/wp-content\/uploads\/2019\/03\/4\u00ba-1-1024x768.jpg 1024w, https:\/\/jmhuarte.educacion.navarra.es\/web1\/wp-content\/uploads\/2019\/03\/4\u00ba-1-300x225.jpg 300w, https:\/\/jmhuarte.educacion.navarra.es\/web1\/wp-content\/uploads\/2019\/03\/4\u00ba-1-768x576.jpg 768w\" sizes=\"(max-width: 1024px) 100vw, 1024px\" \/><\/figure><\/li><li class=\"blocks-gallery-item\"><figure><img loading=\"lazy\" width=\"1024\" height=\"768\" src=\"http:\/\/jmhuarte.educacion.navarra.es\/web1\/wp-content\/uploads\/2019\/03\/4\u00ba-3-1024x768.jpg\" alt=\"\" data-id=\"3003\" data-link=\"http:\/\/jmhuarte.educacion.navarra.es\/web1\/?attachment_id=3003\" class=\"wp-image-3003\" srcset=\"https:\/\/jmhuarte.educacion.navarra.es\/web1\/wp-content\/uploads\/2019\/03\/4\u00ba-3-1024x768.jpg 1024w, https:\/\/jmhuarte.educacion.navarra.es\/web1\/wp-content\/uploads\/2019\/03\/4\u00ba-3-300x225.jpg 300w, https:\/\/jmhuarte.educacion.navarra.es\/web1\/wp-content\/uploads\/2019\/03\/4\u00ba-3-768x576.jpg 768w\" sizes=\"(max-width: 1024px) 100vw, 1024px\" \/><\/figure><\/li><li class=\"blocks-gallery-item\"><figure><img loading=\"lazy\" width=\"1024\" height=\"768\" src=\"http:\/\/jmhuarte.educacion.navarra.es\/web1\/wp-content\/uploads\/2019\/03\/4\u00ba-5-1024x768.jpg\" alt=\"\" data-id=\"3007\" data-link=\"http:\/\/jmhuarte.educacion.navarra.es\/web1\/?attachment_id=3007\" class=\"wp-image-3007\" srcset=\"https:\/\/jmhuarte.educacion.navarra.es\/web1\/wp-content\/uploads\/2019\/03\/4\u00ba-5-1024x768.jpg 1024w, https:\/\/jmhuarte.educacion.navarra.es\/web1\/wp-content\/uploads\/2019\/03\/4\u00ba-5-300x225.jpg 300w, https:\/\/jmhuarte.educacion.navarra.es\/web1\/wp-content\/uploads\/2019\/03\/4\u00ba-5-768x576.jpg 768w\" sizes=\"(max-width: 1024px) 100vw, 1024px\" \/><\/figure><\/li><li class=\"blocks-gallery-item\"><figure><img loading=\"lazy\" width=\"1024\" height=\"768\" src=\"http:\/\/jmhuarte.educacion.navarra.es\/web1\/wp-content\/uploads\/2019\/03\/4\u00ba-6-1024x768.jpg\" alt=\"\" data-id=\"3016\" data-link=\"http:\/\/jmhuarte.educacion.navarra.es\/web1\/?attachment_id=3016\" class=\"wp-image-3016\" srcset=\"https:\/\/jmhuarte.educacion.navarra.es\/web1\/wp-content\/uploads\/2019\/03\/4\u00ba-6-1024x768.jpg 1024w, https:\/\/jmhuarte.educacion.navarra.es\/web1\/wp-content\/uploads\/2019\/03\/4\u00ba-6-300x225.jpg 300w, https:\/\/jmhuarte.educacion.navarra.es\/web1\/wp-content\/uploads\/2019\/03\/4\u00ba-6-768x576.jpg 768w\" sizes=\"(max-width: 1024px) 100vw, 1024px\" \/><\/figure><\/li><li class=\"blocks-gallery-item\"><figure><img loading=\"lazy\" width=\"1024\" height=\"768\" src=\"http:\/\/jmhuarte.educacion.navarra.es\/web1\/wp-content\/uploads\/2019\/03\/4\u00ba-7-1024x768.jpg\" alt=\"\" data-id=\"3018\" data-link=\"http:\/\/jmhuarte.educacion.navarra.es\/web1\/?attachment_id=3018\" class=\"wp-image-3018\" srcset=\"https:\/\/jmhuarte.educacion.navarra.es\/web1\/wp-content\/uploads\/2019\/03\/4\u00ba-7-1024x768.jpg 1024w, https:\/\/jmhuarte.educacion.navarra.es\/web1\/wp-content\/uploads\/2019\/03\/4\u00ba-7-300x225.jpg 300w, https:\/\/jmhuarte.educacion.navarra.es\/web1\/wp-content\/uploads\/2019\/03\/4\u00ba-7-768x576.jpg 768w\" sizes=\"(max-width: 1024px) 100vw, 1024px\" \/><\/figure><\/li><li class=\"blocks-gallery-item\"><figure><img loading=\"lazy\" width=\"1024\" height=\"768\" src=\"http:\/\/jmhuarte.educacion.navarra.es\/web1\/wp-content\/uploads\/2019\/03\/4\u00ba-8-1024x768.jpg\" alt=\"\" data-id=\"3022\" data-link=\"http:\/\/jmhuarte.educacion.navarra.es\/web1\/?attachment_id=3022\" class=\"wp-image-3022\" srcset=\"https:\/\/jmhuarte.educacion.navarra.es\/web1\/wp-content\/uploads\/2019\/03\/4\u00ba-8-1024x768.jpg 1024w, https:\/\/jmhuarte.educacion.navarra.es\/web1\/wp-content\/uploads\/2019\/03\/4\u00ba-8-300x225.jpg 300w, https:\/\/jmhuarte.educacion.navarra.es\/web1\/wp-content\/uploads\/2019\/03\/4\u00ba-8-768x576.jpg 768w\" sizes=\"(max-width: 1024px) 100vw, 1024px\" \/><\/figure><\/li><\/ul>\n\n\n\n<p>5 \u00ba de Primaria se transform\u00f3 en \u00abFreddie Mercury\u00bb y dieron un paseo con \u00abWe will rock you\u00bb.<\/p>\n\n\n\n<ul class=\"wp-block-gallery columns-3 is-cropped\"><li class=\"blocks-gallery-item\"><figure><img loading=\"lazy\" width=\"1024\" height=\"768\" src=\"http:\/\/jmhuarte.educacion.navarra.es\/web1\/wp-content\/uploads\/2019\/03\/5\u00ba-1-1024x768.jpg\" alt=\"\" data-id=\"3001\" data-link=\"http:\/\/jmhuarte.educacion.navarra.es\/web1\/?attachment_id=3001\" class=\"wp-image-3001\" srcset=\"https:\/\/jmhuarte.educacion.navarra.es\/web1\/wp-content\/uploads\/2019\/03\/5\u00ba-1-1024x768.jpg 1024w, https:\/\/jmhuarte.educacion.navarra.es\/web1\/wp-content\/uploads\/2019\/03\/5\u00ba-1-300x225.jpg 300w, https:\/\/jmhuarte.educacion.navarra.es\/web1\/wp-content\/uploads\/2019\/03\/5\u00ba-1-768x576.jpg 768w\" sizes=\"(max-width: 1024px) 100vw, 1024px\" \/><\/figure><\/li><li class=\"blocks-gallery-item\"><figure><img loading=\"lazy\" width=\"1024\" height=\"768\" src=\"http:\/\/jmhuarte.educacion.navarra.es\/web1\/wp-content\/uploads\/2019\/03\/5\u00ba-11-1024x768.jpg\" alt=\"\" data-id=\"3004\" data-link=\"http:\/\/jmhuarte.educacion.navarra.es\/web1\/?attachment_id=3004\" class=\"wp-image-3004\" srcset=\"https:\/\/jmhuarte.educacion.navarra.es\/web1\/wp-content\/uploads\/2019\/03\/5\u00ba-11-1024x768.jpg 1024w, https:\/\/jmhuarte.educacion.navarra.es\/web1\/wp-content\/uploads\/2019\/03\/5\u00ba-11-300x225.jpg 300w, https:\/\/jmhuarte.educacion.navarra.es\/web1\/wp-content\/uploads\/2019\/03\/5\u00ba-11-768x576.jpg 768w\" sizes=\"(max-width: 1024px) 100vw, 1024px\" \/><\/figure><\/li><li class=\"blocks-gallery-item\"><figure><img loading=\"lazy\" width=\"1024\" height=\"768\" src=\"http:\/\/jmhuarte.educacion.navarra.es\/web1\/wp-content\/uploads\/2019\/03\/5\u00ba-13-1024x768.jpg\" alt=\"\" data-id=\"3010\" data-link=\"http:\/\/jmhuarte.educacion.navarra.es\/web1\/?attachment_id=3010\" class=\"wp-image-3010\" srcset=\"https:\/\/jmhuarte.educacion.navarra.es\/web1\/wp-content\/uploads\/2019\/03\/5\u00ba-13-1024x768.jpg 1024w, https:\/\/jmhuarte.educacion.navarra.es\/web1\/wp-content\/uploads\/2019\/03\/5\u00ba-13-300x225.jpg 300w, https:\/\/jmhuarte.educacion.navarra.es\/web1\/wp-content\/uploads\/2019\/03\/5\u00ba-13-768x576.jpg 768w\" sizes=\"(max-width: 1024px) 100vw, 1024px\" \/><\/figure><\/li><li class=\"blocks-gallery-item\"><figure><img loading=\"lazy\" width=\"1024\" height=\"768\" src=\"http:\/\/jmhuarte.educacion.navarra.es\/web1\/wp-content\/uploads\/2019\/03\/5\u00ba-15-1024x768.jpg\" alt=\"\" data-id=\"3014\" data-link=\"http:\/\/jmhuarte.educacion.navarra.es\/web1\/?attachment_id=3014\" class=\"wp-image-3014\" srcset=\"https:\/\/jmhuarte.educacion.navarra.es\/web1\/wp-content\/uploads\/2019\/03\/5\u00ba-15-1024x768.jpg 1024w, https:\/\/jmhuarte.educacion.navarra.es\/web1\/wp-content\/uploads\/2019\/03\/5\u00ba-15-300x225.jpg 300w, https:\/\/jmhuarte.educacion.navarra.es\/web1\/wp-content\/uploads\/2019\/03\/5\u00ba-15-768x576.jpg 768w\" sizes=\"(max-width: 1024px) 100vw, 1024px\" \/><\/figure><\/li><li class=\"blocks-gallery-item\"><figure><img loading=\"lazy\" width=\"1024\" height=\"768\" src=\"http:\/\/jmhuarte.educacion.navarra.es\/web1\/wp-content\/uploads\/2019\/03\/5\u00ba-17-1024x768.jpg\" alt=\"\" data-id=\"3017\" data-link=\"http:\/\/jmhuarte.educacion.navarra.es\/web1\/?attachment_id=3017\" class=\"wp-image-3017\" srcset=\"https:\/\/jmhuarte.educacion.navarra.es\/web1\/wp-content\/uploads\/2019\/03\/5\u00ba-17-1024x768.jpg 1024w, https:\/\/jmhuarte.educacion.navarra.es\/web1\/wp-content\/uploads\/2019\/03\/5\u00ba-17-300x225.jpg 300w, https:\/\/jmhuarte.educacion.navarra.es\/web1\/wp-content\/uploads\/2019\/03\/5\u00ba-17-768x576.jpg 768w\" sizes=\"(max-width: 1024px) 100vw, 1024px\" \/><\/figure><\/li><li class=\"blocks-gallery-item\"><figure><img loading=\"lazy\" width=\"1024\" height=\"768\" src=\"http:\/\/jmhuarte.educacion.navarra.es\/web1\/wp-content\/uploads\/2019\/03\/5\u00ba-18-1024x768.jpg\" alt=\"\" data-id=\"3025\" data-link=\"http:\/\/jmhuarte.educacion.navarra.es\/web1\/?attachment_id=3025\" class=\"wp-image-3025\" srcset=\"https:\/\/jmhuarte.educacion.navarra.es\/web1\/wp-content\/uploads\/2019\/03\/5\u00ba-18-1024x768.jpg 1024w, https:\/\/jmhuarte.educacion.navarra.es\/web1\/wp-content\/uploads\/2019\/03\/5\u00ba-18-300x225.jpg 300w, https:\/\/jmhuarte.educacion.navarra.es\/web1\/wp-content\/uploads\/2019\/03\/5\u00ba-18-768x576.jpg 768w\" sizes=\"(max-width: 1024px) 100vw, 1024px\" \/><\/figure><\/li><li class=\"blocks-gallery-item\"><figure><img loading=\"lazy\" width=\"1024\" height=\"768\" src=\"http:\/\/jmhuarte.educacion.navarra.es\/web1\/wp-content\/uploads\/2019\/03\/5\u00ba-20-1024x768.jpg\" alt=\"\" data-id=\"3029\" data-link=\"http:\/\/jmhuarte.educacion.navarra.es\/web1\/?attachment_id=3029\" class=\"wp-image-3029\" srcset=\"https:\/\/jmhuarte.educacion.navarra.es\/web1\/wp-content\/uploads\/2019\/03\/5\u00ba-20-1024x768.jpg 1024w, https:\/\/jmhuarte.educacion.navarra.es\/web1\/wp-content\/uploads\/2019\/03\/5\u00ba-20-300x225.jpg 300w, https:\/\/jmhuarte.educacion.navarra.es\/web1\/wp-content\/uploads\/2019\/03\/5\u00ba-20-768x576.jpg 768w\" sizes=\"(max-width: 1024px) 100vw, 1024px\" \/><\/figure><\/li><li class=\"blocks-gallery-item\"><figure><img loading=\"lazy\" width=\"1024\" height=\"768\" src=\"http:\/\/jmhuarte.educacion.navarra.es\/web1\/wp-content\/uploads\/2019\/03\/5\u00ba-23-1024x768.jpg\" alt=\"\" data-id=\"3031\" data-link=\"http:\/\/jmhuarte.educacion.navarra.es\/web1\/?attachment_id=3031\" class=\"wp-image-3031\" srcset=\"https:\/\/jmhuarte.educacion.navarra.es\/web1\/wp-content\/uploads\/2019\/03\/5\u00ba-23-1024x768.jpg 1024w, https:\/\/jmhuarte.educacion.navarra.es\/web1\/wp-content\/uploads\/2019\/03\/5\u00ba-23-300x225.jpg 300w, https:\/\/jmhuarte.educacion.navarra.es\/web1\/wp-content\/uploads\/2019\/03\/5\u00ba-23-768x576.jpg 768w\" sizes=\"(max-width: 1024px) 100vw, 1024px\" \/><\/figure><\/li><li class=\"blocks-gallery-item\"><figure><img loading=\"lazy\" width=\"1024\" height=\"768\" src=\"http:\/\/jmhuarte.educacion.navarra.es\/web1\/wp-content\/uploads\/2019\/03\/5\u00ba-24-1024x768.jpg\" alt=\"\" data-id=\"3034\" data-link=\"http:\/\/jmhuarte.educacion.navarra.es\/web1\/?attachment_id=3034\" class=\"wp-image-3034\" srcset=\"https:\/\/jmhuarte.educacion.navarra.es\/web1\/wp-content\/uploads\/2019\/03\/5\u00ba-24-1024x768.jpg 1024w, https:\/\/jmhuarte.educacion.navarra.es\/web1\/wp-content\/uploads\/2019\/03\/5\u00ba-24-300x225.jpg 300w, https:\/\/jmhuarte.educacion.navarra.es\/web1\/wp-content\/uploads\/2019\/03\/5\u00ba-24-768x576.jpg 768w\" sizes=\"(max-width: 1024px) 100vw, 1024px\" \/><\/figure><\/li><li class=\"blocks-gallery-item\"><figure><img loading=\"lazy\" width=\"1024\" height=\"768\" src=\"http:\/\/jmhuarte.educacion.navarra.es\/web1\/wp-content\/uploads\/2019\/03\/5\u00ba-26-1024x768.jpg\" alt=\"\" data-id=\"3036\" data-link=\"http:\/\/jmhuarte.educacion.navarra.es\/web1\/?attachment_id=3036\" class=\"wp-image-3036\" srcset=\"https:\/\/jmhuarte.educacion.navarra.es\/web1\/wp-content\/uploads\/2019\/03\/5\u00ba-26-1024x768.jpg 1024w, https:\/\/jmhuarte.educacion.navarra.es\/web1\/wp-content\/uploads\/2019\/03\/5\u00ba-26-300x225.jpg 300w, https:\/\/jmhuarte.educacion.navarra.es\/web1\/wp-content\/uploads\/2019\/03\/5\u00ba-26-768x576.jpg 768w\" sizes=\"(max-width: 1024px) 100vw, 1024px\" \/><\/figure><\/li><\/ul>\n\n\n\n<p>6\u00ba de Primaria eligi\u00f3 \u00abGrease\u00bb y bail\u00f3 con \u00abYou\u00b4re the one that I want\u00bb.<\/p>\n\n\n\n<ul class=\"wp-block-gallery columns-3 is-cropped\"><li class=\"blocks-gallery-item\"><figure><img loading=\"lazy\" width=\"1024\" height=\"768\" src=\"http:\/\/jmhuarte.educacion.navarra.es\/web1\/wp-content\/uploads\/2019\/03\/6\u00ba-1-1024x768.jpg\" alt=\"\" data-id=\"3005\" data-link=\"http:\/\/jmhuarte.educacion.navarra.es\/web1\/?attachment_id=3005\" class=\"wp-image-3005\" srcset=\"https:\/\/jmhuarte.educacion.navarra.es\/web1\/wp-content\/uploads\/2019\/03\/6\u00ba-1-1024x768.jpg 1024w, https:\/\/jmhuarte.educacion.navarra.es\/web1\/wp-content\/uploads\/2019\/03\/6\u00ba-1-300x225.jpg 300w, https:\/\/jmhuarte.educacion.navarra.es\/web1\/wp-content\/uploads\/2019\/03\/6\u00ba-1-768x576.jpg 768w\" sizes=\"(max-width: 1024px) 100vw, 1024px\" \/><\/figure><\/li><li class=\"blocks-gallery-item\"><figure><img loading=\"lazy\" width=\"1024\" height=\"768\" src=\"http:\/\/jmhuarte.educacion.navarra.es\/web1\/wp-content\/uploads\/2019\/03\/6\u00ba-2-1024x768.jpg\" alt=\"\" data-id=\"3008\" data-link=\"http:\/\/jmhuarte.educacion.navarra.es\/web1\/?attachment_id=3008\" class=\"wp-image-3008\" srcset=\"https:\/\/jmhuarte.educacion.navarra.es\/web1\/wp-content\/uploads\/2019\/03\/6\u00ba-2-1024x768.jpg 1024w, https:\/\/jmhuarte.educacion.navarra.es\/web1\/wp-content\/uploads\/2019\/03\/6\u00ba-2-300x225.jpg 300w, https:\/\/jmhuarte.educacion.navarra.es\/web1\/wp-content\/uploads\/2019\/03\/6\u00ba-2-768x576.jpg 768w\" sizes=\"(max-width: 1024px) 100vw, 1024px\" \/><\/figure><\/li><li class=\"blocks-gallery-item\"><figure><img loading=\"lazy\" width=\"1024\" height=\"768\" src=\"http:\/\/jmhuarte.educacion.navarra.es\/web1\/wp-content\/uploads\/2019\/03\/6\u00ba-3-1024x768.jpg\" alt=\"\" data-id=\"3011\" data-link=\"http:\/\/jmhuarte.educacion.navarra.es\/web1\/?attachment_id=3011\" class=\"wp-image-3011\" srcset=\"https:\/\/jmhuarte.educacion.navarra.es\/web1\/wp-content\/uploads\/2019\/03\/6\u00ba-3-1024x768.jpg 1024w, https:\/\/jmhuarte.educacion.navarra.es\/web1\/wp-content\/uploads\/2019\/03\/6\u00ba-3-300x225.jpg 300w, https:\/\/jmhuarte.educacion.navarra.es\/web1\/wp-content\/uploads\/2019\/03\/6\u00ba-3-768x576.jpg 768w\" sizes=\"(max-width: 1024px) 100vw, 1024px\" \/><\/figure><\/li><li class=\"blocks-gallery-item\"><figure><img loading=\"lazy\" width=\"1024\" height=\"768\" src=\"http:\/\/jmhuarte.educacion.navarra.es\/web1\/wp-content\/uploads\/2019\/03\/6\u00ba-5-1024x768.jpg\" alt=\"\" data-id=\"3019\" data-link=\"http:\/\/jmhuarte.educacion.navarra.es\/web1\/?attachment_id=3019\" class=\"wp-image-3019\" srcset=\"https:\/\/jmhuarte.educacion.navarra.es\/web1\/wp-content\/uploads\/2019\/03\/6\u00ba-5-1024x768.jpg 1024w, https:\/\/jmhuarte.educacion.navarra.es\/web1\/wp-content\/uploads\/2019\/03\/6\u00ba-5-300x225.jpg 300w, https:\/\/jmhuarte.educacion.navarra.es\/web1\/wp-content\/uploads\/2019\/03\/6\u00ba-5-768x576.jpg 768w\" sizes=\"(max-width: 1024px) 100vw, 1024px\" \/><\/figure><\/li><li class=\"blocks-gallery-item\"><figure><img loading=\"lazy\" width=\"1024\" height=\"768\" src=\"http:\/\/jmhuarte.educacion.navarra.es\/web1\/wp-content\/uploads\/2019\/03\/6\u00ba-6-1024x768.jpg\" alt=\"\" data-id=\"3026\" data-link=\"http:\/\/jmhuarte.educacion.navarra.es\/web1\/?attachment_id=3026\" class=\"wp-image-3026\" srcset=\"https:\/\/jmhuarte.educacion.navarra.es\/web1\/wp-content\/uploads\/2019\/03\/6\u00ba-6-1024x768.jpg 1024w, https:\/\/jmhuarte.educacion.navarra.es\/web1\/wp-content\/uploads\/2019\/03\/6\u00ba-6-300x225.jpg 300w, https:\/\/jmhuarte.educacion.navarra.es\/web1\/wp-content\/uploads\/2019\/03\/6\u00ba-6-768x576.jpg 768w\" sizes=\"(max-width: 1024px) 100vw, 1024px\" \/><\/figure><\/li><li class=\"blocks-gallery-item\"><figure><img loading=\"lazy\" width=\"1024\" height=\"768\" src=\"http:\/\/jmhuarte.educacion.navarra.es\/web1\/wp-content\/uploads\/2019\/03\/6\u00ba-8-1024x768.jpg\" alt=\"\" data-id=\"3027\" data-link=\"http:\/\/jmhuarte.educacion.navarra.es\/web1\/?attachment_id=3027\" class=\"wp-image-3027\" srcset=\"https:\/\/jmhuarte.educacion.navarra.es\/web1\/wp-content\/uploads\/2019\/03\/6\u00ba-8-1024x768.jpg 1024w, https:\/\/jmhuarte.educacion.navarra.es\/web1\/wp-content\/uploads\/2019\/03\/6\u00ba-8-300x225.jpg 300w, https:\/\/jmhuarte.educacion.navarra.es\/web1\/wp-content\/uploads\/2019\/03\/6\u00ba-8-768x576.jpg 768w\" sizes=\"(max-width: 1024px) 100vw, 1024px\" \/><\/figure><\/li><li class=\"blocks-gallery-item\"><figure><img loading=\"lazy\" width=\"1024\" height=\"768\" src=\"http:\/\/jmhuarte.educacion.navarra.es\/web1\/wp-content\/uploads\/2019\/03\/6\u00ba-9-1024x768.jpg\" alt=\"\" data-id=\"3033\" data-link=\"http:\/\/jmhuarte.educacion.navarra.es\/web1\/?attachment_id=3033\" class=\"wp-image-3033\" srcset=\"https:\/\/jmhuarte.educacion.navarra.es\/web1\/wp-content\/uploads\/2019\/03\/6\u00ba-9-1024x768.jpg 1024w, https:\/\/jmhuarte.educacion.navarra.es\/web1\/wp-content\/uploads\/2019\/03\/6\u00ba-9-300x225.jpg 300w, https:\/\/jmhuarte.educacion.navarra.es\/web1\/wp-content\/uploads\/2019\/03\/6\u00ba-9-768x576.jpg 768w\" sizes=\"(max-width: 1024px) 100vw, 1024px\" \/><\/figure><\/li><li class=\"blocks-gallery-item\"><figure><img loading=\"lazy\" width=\"1024\" height=\"768\" src=\"http:\/\/jmhuarte.educacion.navarra.es\/web1\/wp-content\/uploads\/2019\/03\/6\u00ba-12-1024x768.jpg\" alt=\"\" data-id=\"3035\" data-link=\"http:\/\/jmhuarte.educacion.navarra.es\/web1\/?attachment_id=3035\" class=\"wp-image-3035\" srcset=\"https:\/\/jmhuarte.educacion.navarra.es\/web1\/wp-content\/uploads\/2019\/03\/6\u00ba-12-1024x768.jpg 1024w, https:\/\/jmhuarte.educacion.navarra.es\/web1\/wp-content\/uploads\/2019\/03\/6\u00ba-12-300x225.jpg 300w, https:\/\/jmhuarte.educacion.navarra.es\/web1\/wp-content\/uploads\/2019\/03\/6\u00ba-12-768x576.jpg 768w\" sizes=\"(max-width: 1024px) 100vw, 1024px\" \/><\/figure><\/li><\/ul>\n","protected":false},"excerpt":{"rendered":"<p>El pasado 28 de febrero el colegio celebr\u00f3 el festiva de carnaval. Este a\u00f1o el festival estuvo relacionado con las bandas sonoras de pel\u00edculas. Cada curso eligi\u00f3 una banda sonora y se prepar\u00f3 con sus personajes principales. Este fue el resultado. Los espectadores dieron buena valoraci\u00f3n al espect\u00e1culo. Infantil eligi\u00f3 \u00abEl Rey le\u00f3n\u00bb. 3 a\u00f1os [&hellip;]<\/p>\n","protected":false},"author":1,"featured_media":3038,"comment_status":"open","ping_status":"open","sticky":false,"template":"","format":"standard","meta":{"_genesis_hide_title":false,"_genesis_hide_breadcrumbs":false,"_genesis_hide_singular_image":false,"_genesis_hide_footer_widgets":false,"_genesis_custom_body_class":"","_genesis_custom_post_class":"","_genesis_layout":""},"categories":[1],"tags":[],"_links":{"self":[{"href":"https:\/\/jmhuarte.educacion.navarra.es\/web1\/wp-json\/wp\/v2\/posts\/2983"}],"collection":[{"href":"https:\/\/jmhuarte.educacion.navarra.es\/web1\/wp-json\/wp\/v2\/posts"}],"about":[{"href":"https:\/\/jmhuarte.educacion.navarra.es\/web1\/wp-json\/wp\/v2\/types\/post"}],"author":[{"embeddable":true,"href":"https:\/\/jmhuarte.educacion.navarra.es\/web1\/wp-json\/wp\/v2\/users\/1"}],"replies":[{"embeddable":true,"href":"https:\/\/jmhuarte.educacion.navarra.es\/web1\/wp-json\/wp\/v2\/comments?post=2983"}],"version-history":[{"count":5,"href":"https:\/\/jmhuarte.educacion.navarra.es\/web1\/wp-json\/wp\/v2\/posts\/2983\/revisions"}],"predecessor-version":[{"id":3041,"href":"https:\/\/jmhuarte.educacion.navarra.es\/web1\/wp-json\/wp\/v2\/posts\/2983\/revisions\/3041"}],"wp:featuredmedia":[{"embeddable":true,"href":"https:\/\/jmhuarte.educacion.navarra.es\/web1\/wp-json\/wp\/v2\/media\/3038"}],"wp:attachment":[{"href":"https:\/\/jmhuarte.educacion.navarra.es\/web1\/wp-json\/wp\/v2\/media?parent=2983"}],"wp:term":[{"taxonomy":"category","embeddable":true,"href":"https:\/\/jmhuarte.educacion.navarra.es\/web1\/wp-json\/wp\/v2\/categories?post=2983"},{"taxonomy":"post_tag","embeddable":true,"href":"https:\/\/jmhuarte.educacion.navarra.es\/web1\/wp-json\/wp\/v2\/tags?post=2983"}],"curies":[{"name":"wp","href":"https:\/\/api.w.org\/{rel}","templated":true}]}}