{"id":2628,"date":"2019-01-21T12:42:53","date_gmt":"2019-01-21T11:42:53","guid":{"rendered":"http:\/\/jmhuarte.educacion.navarra.es\/web1\/?p=2628"},"modified":"2019-01-21T16:32:19","modified_gmt":"2019-01-21T15:32:19","slug":"pre-inscripcion-matricula-curso-2019-2020","status":"publish","type":"post","link":"https:\/\/jmhuarte.educacion.navarra.es\/web1\/2019\/01\/21\/pre-inscripcion-matricula-curso-2019-2020\/","title":{"rendered":"Pre-inscripci\u00f3n, matr\u00edcula curso 2019-2020"},"content":{"rendered":"<header class=\"entry-header\">\n<h1 class=\"entry-title\"><strong style=\"font-size: 16px;\">FECHAS:<\/strong><\/h1>\n<\/header>\n<div class=\"entry-content\">\n<p>La presentaci\u00f3n de solicitudes de pre-inscripci\u00f3n para la matr\u00edcula del pr\u00f3ximo curso 2019-2020\u00a0se realizar\u00e1\u00a0a partir del 4 de febrero hasta el d\u00eda 8 del mismo mes, en horario escolar de 9:00 a 16:30 <span style=\"color: #666699;\">menos el viernes 8, que se atender\u00e1 al p\u00fablico de 9:00 a 14:00 horas.<\/span><\/p>\n<p><strong>ENTREVISTA PERSONALIZADA:<\/strong><\/p>\n<p>Para conocer el centro, se puede concertar una cita para<strong>\u00a0una entrevista personalizada con direcci\u00f3n<\/strong>\u00a0y as\u00ed\u00a0 saber de primera mano qu\u00e9 ofrecemos en el C.P. Jos\u00e9 Mar\u00eda de Huarte.<\/p>\n<p>El tel\u00e9fono de contacto es <strong>948170626<\/strong> en horario de 9:00 a 14:00 de lunes a viernes. Tambi\u00e9n se puede solicitar una cita en el correo electr\u00f3nico del centro <strong>cpjosehu@educacion.navarra.es<\/strong>, por medio de esta misma web en el apartado\u00a0<a href=\"http:\/\/jmhuarte.educacion.navarra.es\/web1\/contacto\/\">contacto<\/a>, o bien a trav\u00e9s de la app del colegio.<\/p>\n<p><strong>DOCUMENTOS:<\/strong><\/p>\n<p>A continuaci\u00f3n presentamos algunos documentos de informaci\u00f3n interesante acerca de los servicios, instalaciones y caracter\u00edsticas del centro, as\u00ed como los programas de innovaci\u00f3n y proyectos que se desarrollan en el mismo.<\/p>\n<p><a href=\"http:\/\/jmhuarte.educacion.navarra.es\/web1\/wp-content\/uploads\/2018\/01\/TRIPTICO-INFO-COLE.pdf\" target=\"_blank\" rel=\"noopener\">Tr\u00edptico<\/a><\/p>\n<p><a href=\"http:\/\/jmhuarte.educacion.navarra.es\/web1\/wp-content\/uploads\/2019\/01\/caste-DIPTICO_Inf_Prim_19_20_plazo_ordinario-1.pdf\">D\u00edptico Admisi\u00f3n centros escolares<\/a><\/p>\n<p><a href=\"http:\/\/jmhuarte.educacion.navarra.es\/web1\/wp-content\/uploads\/2019\/01\/APLICACI\u00d3N-DEL-CRITERIO-COMPLEMENTARIO.odt\">Aplicaci\u00f3n del criterio complementario<\/a><\/p>\n<p><a href=\"http:\/\/jmhuarte.educacion.navarra.es\/web1\/wp-content\/uploads\/2019\/01\/CRITERIOS-PRIORITARIOS-GENERALES.odt\">Baremo<\/a><\/p>\n<figure id=\"attachment_2627\" aria-describedby=\"caption-attachment-2627\" style=\"width: 1024px\" class=\"wp-caption alignnone\"><img loading=\"lazy\" class=\"size-large wp-image-2627\" src=\"http:\/\/jmhuarte.educacion.navarra.es\/web1\/wp-content\/uploads\/2019\/01\/Copy-of-Imagen-destacada-portada-web-1024x256.png\" alt=\"Matr\u00edcula 2019-2020\" width=\"1024\" height=\"256\" srcset=\"https:\/\/jmhuarte.educacion.navarra.es\/web1\/wp-content\/uploads\/2019\/01\/Copy-of-Imagen-destacada-portada-web-1024x256.png 1024w, https:\/\/jmhuarte.educacion.navarra.es\/web1\/wp-content\/uploads\/2019\/01\/Copy-of-Imagen-destacada-portada-web-300x75.png 300w, https:\/\/jmhuarte.educacion.navarra.es\/web1\/wp-content\/uploads\/2019\/01\/Copy-of-Imagen-destacada-portada-web-768x192.png 768w, https:\/\/jmhuarte.educacion.navarra.es\/web1\/wp-content\/uploads\/2019\/01\/Copy-of-Imagen-destacada-portada-web.png 1600w\" sizes=\"(max-width: 1024px) 100vw, 1024px\" \/><figcaption id=\"caption-attachment-2627\" class=\"wp-caption-text\">Fechas campa\u00f1a matriculaci\u00f3n, curso 2019-2020<\/figcaption><\/figure>\n<p>&nbsp;<\/p>\n<\/div>\n","protected":false},"excerpt":{"rendered":"<p>FECHAS: La presentaci\u00f3n de solicitudes de pre-inscripci\u00f3n para la matr\u00edcula del pr\u00f3ximo curso 2019-2020\u00a0se realizar\u00e1\u00a0a partir del 4 de febrero hasta el d\u00eda 8 del mismo mes, en horario escolar de 9:00 a 16:30 menos el viernes 8, que se atender\u00e1 al p\u00fablico de 9:00 a 14:00 horas. ENTREVISTA PERSONALIZADA: Para conocer el centro, se [&hellip;]<\/p>\n","protected":false},"author":1,"featured_media":2627,"comment_status":"open","ping_status":"open","sticky":false,"template":"","format":"standard","meta":{"_genesis_hide_title":false,"_genesis_hide_breadcrumbs":false,"_genesis_hide_singular_image":false,"_genesis_hide_footer_widgets":false,"_genesis_custom_body_class":"","_genesis_custom_post_class":"","_genesis_layout":""},"categories":[141,1],"tags":[150,97,151,149],"_links":{"self":[{"href":"https:\/\/jmhuarte.educacion.navarra.es\/web1\/wp-json\/wp\/v2\/posts\/2628"}],"collection":[{"href":"https:\/\/jmhuarte.educacion.navarra.es\/web1\/wp-json\/wp\/v2\/posts"}],"about":[{"href":"https:\/\/jmhuarte.educacion.navarra.es\/web1\/wp-json\/wp\/v2\/types\/post"}],"author":[{"embeddable":true,"href":"https:\/\/jmhuarte.educacion.navarra.es\/web1\/wp-json\/wp\/v2\/users\/1"}],"replies":[{"embeddable":true,"href":"https:\/\/jmhuarte.educacion.navarra.es\/web1\/wp-json\/wp\/v2\/comments?post=2628"}],"version-history":[{"count":10,"href":"https:\/\/jmhuarte.educacion.navarra.es\/web1\/wp-json\/wp\/v2\/posts\/2628\/revisions"}],"predecessor-version":[{"id":2642,"href":"https:\/\/jmhuarte.educacion.navarra.es\/web1\/wp-json\/wp\/v2\/posts\/2628\/revisions\/2642"}],"wp:featuredmedia":[{"embeddable":true,"href":"https:\/\/jmhuarte.educacion.navarra.es\/web1\/wp-json\/wp\/v2\/media\/2627"}],"wp:attachment":[{"href":"https:\/\/jmhuarte.educacion.navarra.es\/web1\/wp-json\/wp\/v2\/media?parent=2628"}],"wp:term":[{"taxonomy":"category","embeddable":true,"href":"https:\/\/jmhuarte.educacion.navarra.es\/web1\/wp-json\/wp\/v2\/categories?post=2628"},{"taxonomy":"post_tag","embeddable":true,"href":"https:\/\/jmhuarte.educacion.navarra.es\/web1\/wp-json\/wp\/v2\/tags?post=2628"}],"curies":[{"name":"wp","href":"https:\/\/api.w.org\/{rel}","templated":true}]}}