{"id":2219,"date":"2018-09-13T21:54:59","date_gmt":"2018-09-13T19:54:59","guid":{"rendered":"http:\/\/jmhuarte.educacion.navarra.es\/web1\/?p=2219"},"modified":"2019-03-09T21:35:06","modified_gmt":"2019-03-09T20:35:06","slug":"profesorado-del-colegio","status":"publish","type":"post","link":"https:\/\/jmhuarte.educacion.navarra.es\/web1\/2018\/09\/13\/profesorado-del-colegio\/","title":{"rendered":"Profesorado y personal del centro"},"content":{"rendered":"<p>Estimadas familias,<\/p>\n<p>Con el fin de que conozc\u00e1is el profesorado de vuestros hijos, adjuntamos un cuadro con los profesores y sus respectivos cursos.<\/p>\n<p style=\"text-align: center;\"><strong>C.P. \u201cJOS\u00c9 MAR\u00cdA DE HUARTE\u201d<\/strong><\/p>\n<p style=\"text-align: center;\"><strong>PLANTILLA DEL PERSONAL DEL CENTRO<\/strong><\/p>\n<p style=\"text-align: center;\"><strong>CURSO 2018-19<\/strong><\/p>\n<p style=\"text-align: center;\"><strong>EDUCACI\u00d3N INFANTIL<\/strong><\/p>\n<table class=\" aligncenter\" width=\"369\">\n<tbody>\n<tr>\n<td width=\"123\">Directora<\/td>\n<td width=\"153\">Lecea<\/td>\n<td width=\"92\">Bego\u00f1a<\/td>\n<\/tr>\n<tr>\n<td width=\"123\">Tutora 3 a\u00f1os<\/td>\n<td width=\"153\">Larrea Leoz<\/td>\n<td width=\"92\">Lourdes<\/td>\n<\/tr>\n<tr>\n<td width=\"123\">Tutora 4 a\u00f1os A<\/td>\n<td width=\"153\">Bercedo Calvo<\/td>\n<td width=\"92\">M\u00aa Gema<\/td>\n<\/tr>\n<tr>\n<td width=\"123\">Tutora 5 a\u00f1os\u00a0 A<\/td>\n<td width=\"153\">Mart\u00ednez de Irujo<\/td>\n<td width=\"92\">Ana<\/td>\n<\/tr>\n<tr>\n<td width=\"123\">Co-Tutora 3 a\u00f1os y 5 a\u00f1os<\/td>\n<td width=\"153\">Echauri Blanco<\/td>\n<td width=\"92\">Ana<\/td>\n<\/tr>\n<\/tbody>\n<\/table>\n<p style=\"text-align: center;\"><strong>\u00a0<\/strong><strong>EDUCACI\u00d3N PRIMARIA<\/strong><\/p>\n<table class=\" aligncenter\" width=\"369\">\n<tbody>\n<tr>\n<td width=\"113\">1\u00ba A<\/td>\n<td width=\"161\">Ozcoidi P\u00e9rez<\/td>\n<td width=\"95\">In\u00e9s<\/td>\n<\/tr>\n<tr>\n<td width=\"113\">1\u00ba B<\/td>\n<td width=\"161\">Trujillo<\/td>\n<td width=\"95\">Ane<\/td>\n<\/tr>\n<tr>\n<td width=\"113\">2\u00ba A<\/td>\n<td width=\"161\">Zalba Salaberri<\/td>\n<td width=\"95\">Olga<\/td>\n<\/tr>\n<tr>\n<td width=\"113\">2\u00ba B<\/td>\n<td width=\"161\">Da Silva Marques<\/td>\n<td width=\"95\">Noelia<\/td>\n<\/tr>\n<tr>\n<td width=\"113\">3\u00ba A<\/td>\n<td width=\"161\"><\/td>\n<td width=\"95\">Zaida<\/td>\n<\/tr>\n<tr>\n<td width=\"113\">3\u00ba B<\/td>\n<td width=\"161\">Garralda Luquin<\/td>\n<td width=\"95\">Marta<\/td>\n<\/tr>\n<tr>\n<td width=\"113\">4\u00ba A<\/td>\n<td width=\"161\">Iso Taapken<\/td>\n<td width=\"95\">Jorge<\/td>\n<\/tr>\n<tr>\n<td width=\"113\">Co-Tutora 4\u00ba A<\/td>\n<td width=\"161\">Adams<\/td>\n<td width=\"95\">Catherine<\/td>\n<\/tr>\n<tr>\n<td width=\"113\">5\u00ba A<\/td>\n<td width=\"161\">Rico Cano<\/td>\n<td width=\"95\">Isabel<\/td>\n<\/tr>\n<tr>\n<td width=\"113\">5\u00ba B<\/td>\n<td width=\"161\">Lara Mendoza<\/td>\n<td width=\"95\">Nerea<\/td>\n<\/tr>\n<tr>\n<td width=\"113\">6\u00ba A<\/td>\n<td width=\"161\">Amestoy Ecay<\/td>\n<td width=\"95\">Nieves<\/td>\n<\/tr>\n<tr>\n<td width=\"113\">Sustituta 6\u00ba A<\/td>\n<td width=\"161\">Ram\u00edrez Jorge<\/td>\n<td width=\"95\">Mar\u00eda Jos\u00e9<\/td>\n<\/tr>\n<tr>\n<td width=\"113\">6\u00ba B<\/td>\n<td width=\"161\">Ezpeleta Mart\u00ednez<\/td>\n<td width=\"95\">M\u00aa Engracia<\/td>\n<\/tr>\n<tr>\n<td width=\"113\">Co-Tutora 6\u00ba A 6\u00ba B<\/td>\n<td width=\"161\">Miqu\u00e9lez Raro<\/td>\n<td width=\"95\">Inma<\/td>\n<\/tr>\n<\/tbody>\n<\/table>\n<p style=\"text-align: center;\"><strong>ESPECIALISTAS<\/strong><\/p>\n<table class=\" aligncenter\" width=\"359\">\n<tbody>\n<tr>\n<td width=\"123\">M\u00fasica<\/td>\n<td width=\"151\">Vergara Sola<\/td>\n<td width=\"85\">Ana Bel\u00e9n<\/td>\n<\/tr>\n<tr>\n<td width=\"123\">Franc\u00e9s<\/td>\n<td width=\"151\">Michaut<\/td>\n<td width=\"85\">Karine<\/td>\n<\/tr>\n<tr>\n<td width=\"123\">E. F\u00edsica<\/td>\n<td width=\"151\">Pe\u00f1a Gonz\u00e1lez<\/td>\n<td width=\"85\">Luisa<\/td>\n<\/tr>\n<tr>\n<td width=\"123\">R. Cat\u00f3lica<\/td>\n<td width=\"151\">Naus\u00eda\u00a0 Mendoza<\/td>\n<td width=\"85\">Villar<\/td>\n<\/tr>\n<tr>\n<td width=\"123\">R. Evang\u00e9lica<\/td>\n<td width=\"151\">Bernal Francia<\/td>\n<td width=\"85\">Elena<\/td>\n<\/tr>\n<tr>\n<td width=\"123\">Logopeda<\/td>\n<td width=\"151\">Otamendi Lezaun<\/td>\n<td width=\"85\">Alicia<\/td>\n<\/tr>\n<tr>\n<td width=\"123\">Orientadora<\/td>\n<td width=\"151\">Erdozain Urdangar\u00edn<\/td>\n<td width=\"85\">Amaia<\/td>\n<\/tr>\n<tr>\n<td width=\"123\">PT<\/td>\n<td width=\"151\">Cisneros Jim\u00e9nez<\/td>\n<td width=\"85\">Alicia<\/td>\n<\/tr>\n<tr>\n<td width=\"123\">Multiculturalidad<\/td>\n<td width=\"151\"><\/td>\n<td width=\"85\">Ruth<\/td>\n<\/tr>\n<tr>\n<td width=\"123\">Multiculturalidad<\/td>\n<td width=\"151\">Urtasun Gascue<\/td>\n<td width=\"85\">Lourdes<\/td>\n<\/tr>\n<tr>\n<td width=\"123\">UT<\/td>\n<td width=\"151\">Bueno Rodr\u00edguez<\/td>\n<td width=\"85\">Susana<\/td>\n<\/tr>\n<tr>\n<td width=\"123\">Cuidadora<\/td>\n<td width=\"151\">Huarte Garciand\u00eda<\/td>\n<td width=\"85\">Gema<\/td>\n<\/tr>\n<tr>\n<td width=\"123\">Cuidadora<\/td>\n<td width=\"151\">Torrecilla Urbiola<\/td>\n<td width=\"85\">Blanca<\/td>\n<\/tr>\n<\/tbody>\n<\/table>\n<p style=\"text-align: center;\"><strong>PERSONAL ADMINISTRATIVO<\/strong><\/p>\n<table class=\" aligncenter\" width=\"378\">\n<tbody>\n<tr>\n<td width=\"123\">Administrativa<\/td>\n<td width=\"170\">Cruces Azpa<\/td>\n<td width=\"85\">In\u00e9s<\/td>\n<\/tr>\n<\/tbody>\n<\/table>\n<p style=\"text-align: center;\">Un saludo<\/p>\n","protected":false},"excerpt":{"rendered":"<p>Estimadas familias, Con el fin de que conozc\u00e1is el profesorado de vuestros hijos, adjuntamos un cuadro con los profesores y sus respectivos cursos. C.P. \u201cJOS\u00c9 MAR\u00cdA DE HUARTE\u201d PLANTILLA DEL PERSONAL DEL CENTRO CURSO 2018-19 EDUCACI\u00d3N INFANTIL Directora Lecea Bego\u00f1a Tutora 3 a\u00f1os Larrea Leoz Lourdes Tutora 4 a\u00f1os A Bercedo Calvo M\u00aa Gema Tutora [&hellip;]<\/p>\n","protected":false},"author":1,"featured_media":0,"comment_status":"open","ping_status":"open","sticky":false,"template":"","format":"standard","meta":{"_genesis_hide_title":false,"_genesis_hide_breadcrumbs":false,"_genesis_hide_singular_image":false,"_genesis_hide_footer_widgets":false,"_genesis_custom_body_class":"","_genesis_custom_post_class":"","_genesis_layout":""},"categories":[1],"tags":[],"_links":{"self":[{"href":"https:\/\/jmhuarte.educacion.navarra.es\/web1\/wp-json\/wp\/v2\/posts\/2219"}],"collection":[{"href":"https:\/\/jmhuarte.educacion.navarra.es\/web1\/wp-json\/wp\/v2\/posts"}],"about":[{"href":"https:\/\/jmhuarte.educacion.navarra.es\/web1\/wp-json\/wp\/v2\/types\/post"}],"author":[{"embeddable":true,"href":"https:\/\/jmhuarte.educacion.navarra.es\/web1\/wp-json\/wp\/v2\/users\/1"}],"replies":[{"embeddable":true,"href":"https:\/\/jmhuarte.educacion.navarra.es\/web1\/wp-json\/wp\/v2\/comments?post=2219"}],"version-history":[{"count":5,"href":"https:\/\/jmhuarte.educacion.navarra.es\/web1\/wp-json\/wp\/v2\/posts\/2219\/revisions"}],"predecessor-version":[{"id":3098,"href":"https:\/\/jmhuarte.educacion.navarra.es\/web1\/wp-json\/wp\/v2\/posts\/2219\/revisions\/3098"}],"wp:attachment":[{"href":"https:\/\/jmhuarte.educacion.navarra.es\/web1\/wp-json\/wp\/v2\/media?parent=2219"}],"wp:term":[{"taxonomy":"category","embeddable":true,"href":"https:\/\/jmhuarte.educacion.navarra.es\/web1\/wp-json\/wp\/v2\/categories?post=2219"},{"taxonomy":"post_tag","embeddable":true,"href":"https:\/\/jmhuarte.educacion.navarra.es\/web1\/wp-json\/wp\/v2\/tags?post=2219"}],"curies":[{"name":"wp","href":"https:\/\/api.w.org\/{rel}","templated":true}]}}