{"id":1757,"date":"2017-09-05T12:27:19","date_gmt":"2017-09-05T10:27:19","guid":{"rendered":"http:\/\/jmhuarte.educacion.navarra.es\/web1\/?p=1757"},"modified":"2018-02-20T17:18:46","modified_gmt":"2018-02-20T16:18:46","slug":"comenzamos-el-curso-2017-18","status":"publish","type":"post","link":"https:\/\/jmhuarte.educacion.navarra.es\/web1\/2017\/09\/05\/comenzamos-el-curso-2017-18\/","title":{"rendered":"Comenzamos el curso 2017-18"},"content":{"rendered":"<p>\u00a1Hola de nuevo! Nice to see you again! \u00a1Bienvenue!<\/p>\n<p>Llega septiembre y eso es sin\u00f3nimo de vuelta al cole. Comenzaremos el nuevo curso escolar 2017-18 con energ\u00eda el pr\u00f3ximo mi\u00e9rcoles 6 de septiembre a partir de las 9:00. Recordamos a las familias que durante todo este mes, el horario ser\u00e1 de 9 a 13 horas. Y por \u00faltimo una breve cita, del mism\u00edsimo Antonio Machado (1875-1939), poeta y prosista espa\u00f1ol; para empezar con especial \u00e1nimo nuestra andadura. \u00a1Suerte!<\/p>\n<p style=\"text-align: center;\">Nuestras horas son minutos<br \/>\ncuando esperamos saber,<br \/>\ny siglos cuando sabemos<br \/>\nlo que se puede aprender.<\/p>\n<p><img loading=\"lazy\" class=\"aligncenter size-full wp-image-1765\" src=\"http:\/\/jmhuarte.educacion.navarra.es\/web1\/wp-content\/uploads\/2017\/09\/img7.jpg\" alt=\"\" width=\"640\" height=\"380\" srcset=\"https:\/\/jmhuarte.educacion.navarra.es\/web1\/wp-content\/uploads\/2017\/09\/img7.jpg 640w, https:\/\/jmhuarte.educacion.navarra.es\/web1\/wp-content\/uploads\/2017\/09\/img7-300x178.jpg 300w\" sizes=\"(max-width: 640px) 100vw, 640px\" \/><\/p>\n","protected":false},"excerpt":{"rendered":"<p>\u00a1Hola de nuevo! Nice to see you again! \u00a1Bienvenue! Llega septiembre y eso es sin\u00f3nimo de vuelta al cole. Comenzaremos el nuevo curso escolar 2017-18 con energ\u00eda el pr\u00f3ximo mi\u00e9rcoles 6 de septiembre a partir de las 9:00. Recordamos a las familias que durante todo este mes, el horario ser\u00e1 de 9 a 13 horas. [&hellip;]<\/p>\n","protected":false},"author":1,"featured_media":401,"comment_status":"open","ping_status":"open","sticky":false,"template":"","format":"standard","meta":{"_genesis_hide_title":false,"_genesis_hide_breadcrumbs":false,"_genesis_hide_singular_image":false,"_genesis_hide_footer_widgets":false,"_genesis_custom_body_class":"","_genesis_custom_post_class":"","_genesis_layout":""},"categories":[141,1],"tags":[5],"_links":{"self":[{"href":"https:\/\/jmhuarte.educacion.navarra.es\/web1\/wp-json\/wp\/v2\/posts\/1757"}],"collection":[{"href":"https:\/\/jmhuarte.educacion.navarra.es\/web1\/wp-json\/wp\/v2\/posts"}],"about":[{"href":"https:\/\/jmhuarte.educacion.navarra.es\/web1\/wp-json\/wp\/v2\/types\/post"}],"author":[{"embeddable":true,"href":"https:\/\/jmhuarte.educacion.navarra.es\/web1\/wp-json\/wp\/v2\/users\/1"}],"replies":[{"embeddable":true,"href":"https:\/\/jmhuarte.educacion.navarra.es\/web1\/wp-json\/wp\/v2\/comments?post=1757"}],"version-history":[{"count":3,"href":"https:\/\/jmhuarte.educacion.navarra.es\/web1\/wp-json\/wp\/v2\/posts\/1757\/revisions"}],"predecessor-version":[{"id":1767,"href":"https:\/\/jmhuarte.educacion.navarra.es\/web1\/wp-json\/wp\/v2\/posts\/1757\/revisions\/1767"}],"wp:featuredmedia":[{"embeddable":true,"href":"https:\/\/jmhuarte.educacion.navarra.es\/web1\/wp-json\/wp\/v2\/media\/401"}],"wp:attachment":[{"href":"https:\/\/jmhuarte.educacion.navarra.es\/web1\/wp-json\/wp\/v2\/media?parent=1757"}],"wp:term":[{"taxonomy":"category","embeddable":true,"href":"https:\/\/jmhuarte.educacion.navarra.es\/web1\/wp-json\/wp\/v2\/categories?post=1757"},{"taxonomy":"post_tag","embeddable":true,"href":"https:\/\/jmhuarte.educacion.navarra.es\/web1\/wp-json\/wp\/v2\/tags?post=1757"}],"curies":[{"name":"wp","href":"https:\/\/api.w.org\/{rel}","templated":true}]}}