{"id":11981,"date":"2026-04-30T09:48:31","date_gmt":"2026-04-30T07:48:31","guid":{"rendered":"https:\/\/jmhuarte.educacion.navarra.es\/web1\/?p=11981"},"modified":"2026-04-30T09:48:31","modified_gmt":"2026-04-30T07:48:31","slug":"videocuentos","status":"publish","type":"post","link":"https:\/\/jmhuarte.educacion.navarra.es\/web1\/2026\/04\/30\/videocuentos\/","title":{"rendered":"Videocuentos"},"content":{"rendered":"\n<p>El pasado 24 de abril disfrutamos en el colegio de la proyecci\u00f3n de los videocuentos creados por el alumnado de 5.\u00ba de Primaria. A lo largo de varias sesiones de trabajo, chicos y chicas se organizaron en equipos para escribir, producir y dar forma a historias en castellano, ingl\u00e9s y franc\u00e9s.<\/p>\n\n\n\n<p>Fue una experiencia muy enriquecedora que les permiti\u00f3 desarrollar su creatividad, trabajar de manera colaborativa y, durante unos d\u00edas, sentirse como aut\u00e9nticos escritores y escritoras.<\/p>\n\n\n\n<figure class=\"wp-block-image size-large\"><a href=\"https:\/\/jmhuarte.educacion.navarra.es\/web1\/wp-content\/uploads\/2026\/04\/IMG-20260424-WA0008-1.jpg\"><img loading=\"lazy\" width=\"1024\" height=\"768\" src=\"https:\/\/jmhuarte.educacion.navarra.es\/web1\/wp-content\/uploads\/2026\/04\/IMG-20260424-WA0008-1-1024x768.jpg\" alt=\"\" class=\"wp-image-11984\" srcset=\"https:\/\/jmhuarte.educacion.navarra.es\/web1\/wp-content\/uploads\/2026\/04\/IMG-20260424-WA0008-1-1024x768.jpg 1024w, https:\/\/jmhuarte.educacion.navarra.es\/web1\/wp-content\/uploads\/2026\/04\/IMG-20260424-WA0008-1-300x225.jpg 300w, https:\/\/jmhuarte.educacion.navarra.es\/web1\/wp-content\/uploads\/2026\/04\/IMG-20260424-WA0008-1-768x576.jpg 768w, https:\/\/jmhuarte.educacion.navarra.es\/web1\/wp-content\/uploads\/2026\/04\/IMG-20260424-WA0008-1-1536x1152.jpg 1536w, https:\/\/jmhuarte.educacion.navarra.es\/web1\/wp-content\/uploads\/2026\/04\/IMG-20260424-WA0008-1.jpg 2000w\" sizes=\"(max-width: 1024px) 100vw, 1024px\" \/><\/a><\/figure>\n\n\n\n<figure class=\"wp-block-image size-large\"><a href=\"https:\/\/jmhuarte.educacion.navarra.es\/web1\/wp-content\/uploads\/2026\/04\/IMG-20260424-WA0009-1.jpg\"><img loading=\"lazy\" width=\"1024\" height=\"768\" src=\"https:\/\/jmhuarte.educacion.navarra.es\/web1\/wp-content\/uploads\/2026\/04\/IMG-20260424-WA0009-1-1024x768.jpg\" alt=\"\" class=\"wp-image-11985\" srcset=\"https:\/\/jmhuarte.educacion.navarra.es\/web1\/wp-content\/uploads\/2026\/04\/IMG-20260424-WA0009-1-1024x768.jpg 1024w, https:\/\/jmhuarte.educacion.navarra.es\/web1\/wp-content\/uploads\/2026\/04\/IMG-20260424-WA0009-1-300x225.jpg 300w, https:\/\/jmhuarte.educacion.navarra.es\/web1\/wp-content\/uploads\/2026\/04\/IMG-20260424-WA0009-1-768x576.jpg 768w, https:\/\/jmhuarte.educacion.navarra.es\/web1\/wp-content\/uploads\/2026\/04\/IMG-20260424-WA0009-1-1536x1152.jpg 1536w, https:\/\/jmhuarte.educacion.navarra.es\/web1\/wp-content\/uploads\/2026\/04\/IMG-20260424-WA0009-1.jpg 2000w\" sizes=\"(max-width: 1024px) 100vw, 1024px\" \/><\/a><\/figure>\n","protected":false},"excerpt":{"rendered":"<p>El pasado 24 de abril disfrutamos en el colegio de la proyecci\u00f3n de los videocuentos creados por el alumnado de 5.\u00ba de Primaria. A lo largo de varias sesiones de trabajo, chicos y chicas se organizaron en equipos para escribir, producir y dar forma a historias en castellano, ingl\u00e9s y franc\u00e9s. Fue una experiencia muy [&hellip;]<\/p>\n","protected":false},"author":1,"featured_media":0,"comment_status":"open","ping_status":"open","sticky":false,"template":"","format":"standard","meta":{"_genesis_hide_title":false,"_genesis_hide_breadcrumbs":false,"_genesis_hide_singular_image":false,"_genesis_hide_footer_widgets":false,"_genesis_custom_body_class":"","_genesis_custom_post_class":"","_genesis_layout":""},"categories":[1],"tags":[],"_links":{"self":[{"href":"https:\/\/jmhuarte.educacion.navarra.es\/web1\/wp-json\/wp\/v2\/posts\/11981"}],"collection":[{"href":"https:\/\/jmhuarte.educacion.navarra.es\/web1\/wp-json\/wp\/v2\/posts"}],"about":[{"href":"https:\/\/jmhuarte.educacion.navarra.es\/web1\/wp-json\/wp\/v2\/types\/post"}],"author":[{"embeddable":true,"href":"https:\/\/jmhuarte.educacion.navarra.es\/web1\/wp-json\/wp\/v2\/users\/1"}],"replies":[{"embeddable":true,"href":"https:\/\/jmhuarte.educacion.navarra.es\/web1\/wp-json\/wp\/v2\/comments?post=11981"}],"version-history":[{"count":1,"href":"https:\/\/jmhuarte.educacion.navarra.es\/web1\/wp-json\/wp\/v2\/posts\/11981\/revisions"}],"predecessor-version":[{"id":11986,"href":"https:\/\/jmhuarte.educacion.navarra.es\/web1\/wp-json\/wp\/v2\/posts\/11981\/revisions\/11986"}],"wp:attachment":[{"href":"https:\/\/jmhuarte.educacion.navarra.es\/web1\/wp-json\/wp\/v2\/media?parent=11981"}],"wp:term":[{"taxonomy":"category","embeddable":true,"href":"https:\/\/jmhuarte.educacion.navarra.es\/web1\/wp-json\/wp\/v2\/categories?post=11981"},{"taxonomy":"post_tag","embeddable":true,"href":"https:\/\/jmhuarte.educacion.navarra.es\/web1\/wp-json\/wp\/v2\/tags?post=11981"}],"curies":[{"name":"wp","href":"https:\/\/api.w.org\/{rel}","templated":true}]}}