{"id":11961,"date":"2026-04-29T09:55:36","date_gmt":"2026-04-29T07:55:36","guid":{"rendered":"https:\/\/jmhuarte.educacion.navarra.es\/web1\/?p=11961"},"modified":"2026-04-29T09:55:37","modified_gmt":"2026-04-29T07:55:37","slug":"dia-del-libro-23-de-abril","status":"publish","type":"post","link":"https:\/\/jmhuarte.educacion.navarra.es\/web1\/2026\/04\/29\/dia-del-libro-23-de-abril\/","title":{"rendered":"D\u00eda del libro. 23 de abril"},"content":{"rendered":"\n<p>El D\u00eda del Libro en el cole fue una actividad muy especial. Todo el alumnado participamos escribiendo en un folio de colores como si fuera el lomo de un libro, donde pusimos el t\u00edtulo de nuestro cuento favorito. Con todos los \u201clomos\u201d formamos una gran estanter\u00eda llena de historias diferentes, lo que hizo que el pasillo pareciera una biblioteca llena de imaginaci\u00f3n. Fue una forma divertida y creativa de celebrar la lectura y compartir nuestros gustos con los dem\u00e1s.<\/p>\n\n\n\n<figure class=\"wp-block-image size-large\"><a href=\"https:\/\/jmhuarte.educacion.navarra.es\/web1\/wp-content\/uploads\/2026\/04\/20260427_121743-1-scaled.jpg\"><img loading=\"lazy\" width=\"1024\" height=\"576\" src=\"https:\/\/jmhuarte.educacion.navarra.es\/web1\/wp-content\/uploads\/2026\/04\/20260427_121743-1-1024x576.jpg\" alt=\"\" class=\"wp-image-11962\" srcset=\"https:\/\/jmhuarte.educacion.navarra.es\/web1\/wp-content\/uploads\/2026\/04\/20260427_121743-1-1024x576.jpg 1024w, https:\/\/jmhuarte.educacion.navarra.es\/web1\/wp-content\/uploads\/2026\/04\/20260427_121743-1-300x169.jpg 300w, https:\/\/jmhuarte.educacion.navarra.es\/web1\/wp-content\/uploads\/2026\/04\/20260427_121743-1-768x432.jpg 768w, https:\/\/jmhuarte.educacion.navarra.es\/web1\/wp-content\/uploads\/2026\/04\/20260427_121743-1-1536x864.jpg 1536w, https:\/\/jmhuarte.educacion.navarra.es\/web1\/wp-content\/uploads\/2026\/04\/20260427_121743-1-2048x1153.jpg 2048w\" sizes=\"(max-width: 1024px) 100vw, 1024px\" \/><\/a><\/figure>\n","protected":false},"excerpt":{"rendered":"<p>El D\u00eda del Libro en el cole fue una actividad muy especial. Todo el alumnado participamos escribiendo en un folio de colores como si fuera el lomo de un libro, donde pusimos el t\u00edtulo de nuestro cuento favorito. Con todos los \u201clomos\u201d formamos una gran estanter\u00eda llena de historias diferentes, lo que hizo que el [&hellip;]<\/p>\n","protected":false},"author":1,"featured_media":0,"comment_status":"open","ping_status":"open","sticky":false,"template":"","format":"standard","meta":{"_genesis_hide_title":false,"_genesis_hide_breadcrumbs":false,"_genesis_hide_singular_image":false,"_genesis_hide_footer_widgets":false,"_genesis_custom_body_class":"","_genesis_custom_post_class":"","_genesis_layout":""},"categories":[1],"tags":[],"_links":{"self":[{"href":"https:\/\/jmhuarte.educacion.navarra.es\/web1\/wp-json\/wp\/v2\/posts\/11961"}],"collection":[{"href":"https:\/\/jmhuarte.educacion.navarra.es\/web1\/wp-json\/wp\/v2\/posts"}],"about":[{"href":"https:\/\/jmhuarte.educacion.navarra.es\/web1\/wp-json\/wp\/v2\/types\/post"}],"author":[{"embeddable":true,"href":"https:\/\/jmhuarte.educacion.navarra.es\/web1\/wp-json\/wp\/v2\/users\/1"}],"replies":[{"embeddable":true,"href":"https:\/\/jmhuarte.educacion.navarra.es\/web1\/wp-json\/wp\/v2\/comments?post=11961"}],"version-history":[{"count":1,"href":"https:\/\/jmhuarte.educacion.navarra.es\/web1\/wp-json\/wp\/v2\/posts\/11961\/revisions"}],"predecessor-version":[{"id":11963,"href":"https:\/\/jmhuarte.educacion.navarra.es\/web1\/wp-json\/wp\/v2\/posts\/11961\/revisions\/11963"}],"wp:attachment":[{"href":"https:\/\/jmhuarte.educacion.navarra.es\/web1\/wp-json\/wp\/v2\/media?parent=11961"}],"wp:term":[{"taxonomy":"category","embeddable":true,"href":"https:\/\/jmhuarte.educacion.navarra.es\/web1\/wp-json\/wp\/v2\/categories?post=11961"},{"taxonomy":"post_tag","embeddable":true,"href":"https:\/\/jmhuarte.educacion.navarra.es\/web1\/wp-json\/wp\/v2\/tags?post=11961"}],"curies":[{"name":"wp","href":"https:\/\/api.w.org\/{rel}","templated":true}]}}