{"id":11903,"date":"2026-03-31T12:21:05","date_gmt":"2026-03-31T10:21:05","guid":{"rendered":"https:\/\/jmhuarte.educacion.navarra.es\/web1\/?p=11903"},"modified":"2026-03-31T12:21:05","modified_gmt":"2026-03-31T10:21:05","slug":"escuela-de-estrellas-5oprimaria","status":"publish","type":"post","link":"https:\/\/jmhuarte.educacion.navarra.es\/web1\/2026\/03\/31\/escuela-de-estrellas-5oprimaria\/","title":{"rendered":"Escuela de Estrellas 5\u00baPrimaria"},"content":{"rendered":"\n<p>El martes 24 de marzo, el alumnado de 5\u00ba de Primaria visit\u00f3 el Baluarte con el objetivo de conocer y comprender un fen\u00f3meno excepcional: el eclipse total de Sol que ser\u00e1 visible desde el sur de Navarra el 12 de agosto de 2026.<\/p>\n\n\n\n<figure class=\"wp-block-image size-large\"><a href=\"https:\/\/jmhuarte.educacion.navarra.es\/web1\/wp-content\/uploads\/2026\/03\/20260324_120728.jpg-c-scaled.jpg\"><img loading=\"lazy\" width=\"1024\" height=\"576\" src=\"https:\/\/jmhuarte.educacion.navarra.es\/web1\/wp-content\/uploads\/2026\/03\/20260324_120728.jpg-c-1024x576.jpg\" alt=\"\" class=\"wp-image-11906\" srcset=\"https:\/\/jmhuarte.educacion.navarra.es\/web1\/wp-content\/uploads\/2026\/03\/20260324_120728.jpg-c-1024x576.jpg 1024w, https:\/\/jmhuarte.educacion.navarra.es\/web1\/wp-content\/uploads\/2026\/03\/20260324_120728.jpg-c-300x169.jpg 300w, https:\/\/jmhuarte.educacion.navarra.es\/web1\/wp-content\/uploads\/2026\/03\/20260324_120728.jpg-c-768x432.jpg 768w, https:\/\/jmhuarte.educacion.navarra.es\/web1\/wp-content\/uploads\/2026\/03\/20260324_120728.jpg-c-1536x864.jpg 1536w, https:\/\/jmhuarte.educacion.navarra.es\/web1\/wp-content\/uploads\/2026\/03\/20260324_120728.jpg-c-2048x1153.jpg 2048w\" sizes=\"(max-width: 1024px) 100vw, 1024px\" \/><\/a><\/figure>\n\n\n\n<figure class=\"wp-block-image size-large\"><a href=\"https:\/\/jmhuarte.educacion.navarra.es\/web1\/wp-content\/uploads\/2026\/03\/20260324_132831-scaled.jpg\"><img loading=\"lazy\" width=\"1024\" height=\"576\" src=\"https:\/\/jmhuarte.educacion.navarra.es\/web1\/wp-content\/uploads\/2026\/03\/20260324_132831-1024x576.jpg\" alt=\"\" class=\"wp-image-11904\" srcset=\"https:\/\/jmhuarte.educacion.navarra.es\/web1\/wp-content\/uploads\/2026\/03\/20260324_132831-1024x576.jpg 1024w, https:\/\/jmhuarte.educacion.navarra.es\/web1\/wp-content\/uploads\/2026\/03\/20260324_132831-300x169.jpg 300w, https:\/\/jmhuarte.educacion.navarra.es\/web1\/wp-content\/uploads\/2026\/03\/20260324_132831-768x432.jpg 768w, https:\/\/jmhuarte.educacion.navarra.es\/web1\/wp-content\/uploads\/2026\/03\/20260324_132831-1536x864.jpg 1536w, https:\/\/jmhuarte.educacion.navarra.es\/web1\/wp-content\/uploads\/2026\/03\/20260324_132831-2048x1153.jpg 2048w\" sizes=\"(max-width: 1024px) 100vw, 1024px\" \/><\/a><\/figure>\n\n\n\n<figure class=\"wp-block-image size-large\"><a href=\"https:\/\/jmhuarte.educacion.navarra.es\/web1\/wp-content\/uploads\/2026\/03\/20260324_125338-scaled.jpg\"><img loading=\"lazy\" width=\"1024\" height=\"576\" src=\"https:\/\/jmhuarte.educacion.navarra.es\/web1\/wp-content\/uploads\/2026\/03\/20260324_125338-1024x576.jpg\" alt=\"\" class=\"wp-image-11908\" srcset=\"https:\/\/jmhuarte.educacion.navarra.es\/web1\/wp-content\/uploads\/2026\/03\/20260324_125338-1024x576.jpg 1024w, https:\/\/jmhuarte.educacion.navarra.es\/web1\/wp-content\/uploads\/2026\/03\/20260324_125338-300x169.jpg 300w, https:\/\/jmhuarte.educacion.navarra.es\/web1\/wp-content\/uploads\/2026\/03\/20260324_125338-768x432.jpg 768w, https:\/\/jmhuarte.educacion.navarra.es\/web1\/wp-content\/uploads\/2026\/03\/20260324_125338-1536x864.jpg 1536w, https:\/\/jmhuarte.educacion.navarra.es\/web1\/wp-content\/uploads\/2026\/03\/20260324_125338-2048x1153.jpg 2048w\" sizes=\"(max-width: 1024px) 100vw, 1024px\" \/><\/a><\/figure>\n\n\n\n<figure class=\"wp-block-image size-large\"><a href=\"https:\/\/jmhuarte.educacion.navarra.es\/web1\/wp-content\/uploads\/2026\/03\/20260324_120927-1-scaled.jpg\"><img loading=\"lazy\" width=\"1024\" height=\"576\" src=\"https:\/\/jmhuarte.educacion.navarra.es\/web1\/wp-content\/uploads\/2026\/03\/20260324_120927-1-1024x576.jpg\" alt=\"\" class=\"wp-image-11909\" srcset=\"https:\/\/jmhuarte.educacion.navarra.es\/web1\/wp-content\/uploads\/2026\/03\/20260324_120927-1-1024x576.jpg 1024w, https:\/\/jmhuarte.educacion.navarra.es\/web1\/wp-content\/uploads\/2026\/03\/20260324_120927-1-300x169.jpg 300w, https:\/\/jmhuarte.educacion.navarra.es\/web1\/wp-content\/uploads\/2026\/03\/20260324_120927-1-768x432.jpg 768w, https:\/\/jmhuarte.educacion.navarra.es\/web1\/wp-content\/uploads\/2026\/03\/20260324_120927-1-1536x864.jpg 1536w, https:\/\/jmhuarte.educacion.navarra.es\/web1\/wp-content\/uploads\/2026\/03\/20260324_120927-1-2048x1153.jpg 2048w\" sizes=\"(max-width: 1024px) 100vw, 1024px\" \/><\/a><\/figure>\n\n\n\n<figure class=\"wp-block-image size-large\"><a href=\"https:\/\/jmhuarte.educacion.navarra.es\/web1\/wp-content\/uploads\/2026\/03\/20260324_120909.jpg-ro-scaled.jpg\"><img loading=\"lazy\" width=\"576\" height=\"1024\" src=\"https:\/\/jmhuarte.educacion.navarra.es\/web1\/wp-content\/uploads\/2026\/03\/20260324_120909.jpg-ro-576x1024.jpg\" alt=\"\" class=\"wp-image-11910\" srcset=\"https:\/\/jmhuarte.educacion.navarra.es\/web1\/wp-content\/uploads\/2026\/03\/20260324_120909.jpg-ro-576x1024.jpg 576w, https:\/\/jmhuarte.educacion.navarra.es\/web1\/wp-content\/uploads\/2026\/03\/20260324_120909.jpg-ro-169x300.jpg 169w, https:\/\/jmhuarte.educacion.navarra.es\/web1\/wp-content\/uploads\/2026\/03\/20260324_120909.jpg-ro-768x1365.jpg 768w, https:\/\/jmhuarte.educacion.navarra.es\/web1\/wp-content\/uploads\/2026\/03\/20260324_120909.jpg-ro-864x1536.jpg 864w, https:\/\/jmhuarte.educacion.navarra.es\/web1\/wp-content\/uploads\/2026\/03\/20260324_120909.jpg-ro-1153x2048.jpg 1153w, https:\/\/jmhuarte.educacion.navarra.es\/web1\/wp-content\/uploads\/2026\/03\/20260324_120909.jpg-ro-scaled.jpg 1441w\" sizes=\"(max-width: 576px) 100vw, 576px\" \/><\/a><\/figure>\n","protected":false},"excerpt":{"rendered":"<p>El martes 24 de marzo, el alumnado de 5\u00ba de Primaria visit\u00f3 el Baluarte con el objetivo de conocer y comprender un fen\u00f3meno excepcional: el eclipse total de Sol que ser\u00e1 visible desde el sur de Navarra el 12 de agosto de 2026.<\/p>\n","protected":false},"author":1,"featured_media":0,"comment_status":"open","ping_status":"open","sticky":false,"template":"","format":"standard","meta":{"_genesis_hide_title":false,"_genesis_hide_breadcrumbs":false,"_genesis_hide_singular_image":false,"_genesis_hide_footer_widgets":false,"_genesis_custom_body_class":"","_genesis_custom_post_class":"","_genesis_layout":""},"categories":[1],"tags":[],"_links":{"self":[{"href":"https:\/\/jmhuarte.educacion.navarra.es\/web1\/wp-json\/wp\/v2\/posts\/11903"}],"collection":[{"href":"https:\/\/jmhuarte.educacion.navarra.es\/web1\/wp-json\/wp\/v2\/posts"}],"about":[{"href":"https:\/\/jmhuarte.educacion.navarra.es\/web1\/wp-json\/wp\/v2\/types\/post"}],"author":[{"embeddable":true,"href":"https:\/\/jmhuarte.educacion.navarra.es\/web1\/wp-json\/wp\/v2\/users\/1"}],"replies":[{"embeddable":true,"href":"https:\/\/jmhuarte.educacion.navarra.es\/web1\/wp-json\/wp\/v2\/comments?post=11903"}],"version-history":[{"count":1,"href":"https:\/\/jmhuarte.educacion.navarra.es\/web1\/wp-json\/wp\/v2\/posts\/11903\/revisions"}],"predecessor-version":[{"id":11911,"href":"https:\/\/jmhuarte.educacion.navarra.es\/web1\/wp-json\/wp\/v2\/posts\/11903\/revisions\/11911"}],"wp:attachment":[{"href":"https:\/\/jmhuarte.educacion.navarra.es\/web1\/wp-json\/wp\/v2\/media?parent=11903"}],"wp:term":[{"taxonomy":"category","embeddable":true,"href":"https:\/\/jmhuarte.educacion.navarra.es\/web1\/wp-json\/wp\/v2\/categories?post=11903"},{"taxonomy":"post_tag","embeddable":true,"href":"https:\/\/jmhuarte.educacion.navarra.es\/web1\/wp-json\/wp\/v2\/tags?post=11903"}],"curies":[{"name":"wp","href":"https:\/\/api.w.org\/{rel}","templated":true}]}}