{"id":10826,"date":"2023-12-22T13:29:45","date_gmt":"2023-12-22T12:29:45","guid":{"rendered":"https:\/\/jmhuarte.educacion.navarra.es\/web1\/?p=10826"},"modified":"2023-12-22T13:29:45","modified_gmt":"2023-12-22T12:29:45","slug":"nuevo-ejemplar-del-periodico-digital-de-5o-y-6o","status":"publish","type":"post","link":"https:\/\/jmhuarte.educacion.navarra.es\/web1\/2023\/12\/22\/nuevo-ejemplar-del-periodico-digital-de-5o-y-6o\/","title":{"rendered":"Nuevo ejemplar del peri\u00f3dico digital de 5\u00ba y 6\u00ba"},"content":{"rendered":"\n<p>Hola a todos y todas, <\/p>\n\n\n\n<p><\/p>\n\n\n\n<p>Aqu\u00ed os presentamos el nuevo n\u00famero del peri\u00f3dico digital que el alumnado de 5\u00ba y 6\u00ba han elaborado en ingl\u00e9s y castellano.<\/p>\n\n\n\n<p>De nuevo nos traen las noticias y la informaci\u00f3n m\u00e1s actualizada. <\/p>\n\n\n\n<p>No os la pod\u00e9is perder. <\/p>\n\n\n\n<p>Aqu\u00ed ten\u00e9is el enlace directo.<\/p>\n\n\n\n<p><a href=\"https:\/\/sites.google.com\/educacion.navarra.es\/peridico-digital-jmh?usp=sharing\">https:\/\/sites.google.com\/educacion.navarra.es\/peridico-digital-jmh?usp=sharing<\/a><\/p>\n\n\n\n<div class=\"wp-block-image\"><figure class=\"aligncenter size-full\"><a href=\"https:\/\/jmhuarte.educacion.navarra.es\/web1\/wp-content\/uploads\/2023\/12\/image.png\"><img loading=\"lazy\" width=\"430\" height=\"785\" src=\"https:\/\/jmhuarte.educacion.navarra.es\/web1\/wp-content\/uploads\/2023\/12\/image.png\" alt=\"\" class=\"wp-image-10828\" srcset=\"https:\/\/jmhuarte.educacion.navarra.es\/web1\/wp-content\/uploads\/2023\/12\/image.png 430w, https:\/\/jmhuarte.educacion.navarra.es\/web1\/wp-content\/uploads\/2023\/12\/image-164x300.png 164w\" sizes=\"(max-width: 430px) 100vw, 430px\" \/><\/a><\/figure><\/div>\n","protected":false},"excerpt":{"rendered":"<p>Hola a todos y todas, Aqu\u00ed os presentamos el nuevo n\u00famero del peri\u00f3dico digital que el alumnado de 5\u00ba y 6\u00ba han elaborado en ingl\u00e9s y castellano. De nuevo nos traen las noticias y la informaci\u00f3n m\u00e1s actualizada. No os la pod\u00e9is perder. Aqu\u00ed ten\u00e9is el enlace directo. https:\/\/sites.google.com\/educacion.navarra.es\/peridico-digital-jmh?usp=sharing<\/p>\n","protected":false},"author":1,"featured_media":0,"comment_status":"open","ping_status":"open","sticky":false,"template":"","format":"standard","meta":{"_genesis_hide_title":false,"_genesis_hide_breadcrumbs":false,"_genesis_hide_singular_image":false,"_genesis_hide_footer_widgets":false,"_genesis_custom_body_class":"","_genesis_custom_post_class":"","_genesis_layout":""},"categories":[1],"tags":[],"_links":{"self":[{"href":"https:\/\/jmhuarte.educacion.navarra.es\/web1\/wp-json\/wp\/v2\/posts\/10826"}],"collection":[{"href":"https:\/\/jmhuarte.educacion.navarra.es\/web1\/wp-json\/wp\/v2\/posts"}],"about":[{"href":"https:\/\/jmhuarte.educacion.navarra.es\/web1\/wp-json\/wp\/v2\/types\/post"}],"author":[{"embeddable":true,"href":"https:\/\/jmhuarte.educacion.navarra.es\/web1\/wp-json\/wp\/v2\/users\/1"}],"replies":[{"embeddable":true,"href":"https:\/\/jmhuarte.educacion.navarra.es\/web1\/wp-json\/wp\/v2\/comments?post=10826"}],"version-history":[{"count":2,"href":"https:\/\/jmhuarte.educacion.navarra.es\/web1\/wp-json\/wp\/v2\/posts\/10826\/revisions"}],"predecessor-version":[{"id":10829,"href":"https:\/\/jmhuarte.educacion.navarra.es\/web1\/wp-json\/wp\/v2\/posts\/10826\/revisions\/10829"}],"wp:attachment":[{"href":"https:\/\/jmhuarte.educacion.navarra.es\/web1\/wp-json\/wp\/v2\/media?parent=10826"}],"wp:term":[{"taxonomy":"category","embeddable":true,"href":"https:\/\/jmhuarte.educacion.navarra.es\/web1\/wp-json\/wp\/v2\/categories?post=10826"},{"taxonomy":"post_tag","embeddable":true,"href":"https:\/\/jmhuarte.educacion.navarra.es\/web1\/wp-json\/wp\/v2\/tags?post=10826"}],"curies":[{"name":"wp","href":"https:\/\/api.w.org\/{rel}","templated":true}]}}