{"id":76,"date":"2016-11-15T11:24:09","date_gmt":"2016-11-15T11:24:09","guid":{"rendered":"http:\/\/jmhuarte.educacion.navarra.es\/blogs\/noticias\/?p=76"},"modified":"2017-05-11T09:40:44","modified_gmt":"2017-05-11T09:40:44","slug":"jornadas-del-consejo-escolar-de-navarra","status":"publish","type":"post","link":"https:\/\/jmhuarte.educacion.navarra.es\/blogs\/noticias\/2016\/11\/15\/jornadas-del-consejo-escolar-de-navarra\/","title":{"rendered":"\u00abJornadas del Consejo Escolar de Navarra\u00bb"},"content":{"rendered":"<p><a href=\"http:\/\/jmhuarte.educacion.navarra.es\/blogs\/noticias\/files\/2016\/11\/logo-del-Consejo-Escolar-de-Navarra.png\"><img loading=\"lazy\" class=\"wp-image-75 aligncenter\" src=\"http:\/\/jmhuarte.educacion.navarra.es\/blogs\/noticias\/files\/2016\/11\/logo-del-Consejo-Escolar-de-Navarra.png\" alt=\"logo-del-consejo-escolar-de-navarra\" width=\"339\" height=\"239\" \/><\/a><\/p>\n<p style=\"text-align: justify;\">Estimadas familias, nuestro proyecto<strong>\u00abMagnet<\/strong> <strong>School\u00bb<\/strong>, ha sido seleccionado como \u00ab<strong>proyecto de<\/strong> <strong>Innovaci\u00f3n\u00bb<\/strong>\u00a0para las XVIII Jornadas del Consejo Escolar de Navarra.<\/p>\n<p><strong>Nuestra presentaci\u00f3n tendr\u00e1 lugar:<\/strong><\/p>\n<ul>\n<li style=\"text-align: justify;\"><strong>El mi\u00e9rcole<\/strong>s: 16 de Noviembre.<\/li>\n<li style=\"text-align: justify;\"><strong>Hora<\/strong>\u00a0:17:30<\/li>\n<li>\n<p style=\"text-align: justify;\"><strong>Luga<\/strong>r : <strong>Museo de Navarra<\/strong>, sito en la Cuesta Santo Domingo 47.<\/p>\n<\/li>\n<\/ul>\n<p>&nbsp;<\/p>\n<p style=\"text-align: justify;\">\n","protected":false},"excerpt":{"rendered":"<p>Estimadas familias, nuestro proyecto\u00abMagnet School\u00bb, ha sido seleccionado como \u00abproyecto de Innovaci\u00f3n\u00bb\u00a0para las XVIII Jornadas del Consejo Escolar de Navarra. Nuestra presentaci\u00f3n tendr\u00e1 lugar: El mi\u00e9rcoles: 16 de Noviembre. Hora\u00a0:17:30 Lugar : Museo de Navarra, sito en la Cuesta Santo Domingo 47. &nbsp;<\/p>\n","protected":false},"author":1,"featured_media":0,"comment_status":"closed","ping_status":"open","sticky":false,"template":"","format":"standard","meta":[],"categories":[1],"tags":[],"_links":{"self":[{"href":"https:\/\/jmhuarte.educacion.navarra.es\/blogs\/noticias\/wp-json\/wp\/v2\/posts\/76"}],"collection":[{"href":"https:\/\/jmhuarte.educacion.navarra.es\/blogs\/noticias\/wp-json\/wp\/v2\/posts"}],"about":[{"href":"https:\/\/jmhuarte.educacion.navarra.es\/blogs\/noticias\/wp-json\/wp\/v2\/types\/post"}],"author":[{"embeddable":true,"href":"https:\/\/jmhuarte.educacion.navarra.es\/blogs\/noticias\/wp-json\/wp\/v2\/users\/1"}],"replies":[{"embeddable":true,"href":"https:\/\/jmhuarte.educacion.navarra.es\/blogs\/noticias\/wp-json\/wp\/v2\/comments?post=76"}],"version-history":[{"count":10,"href":"https:\/\/jmhuarte.educacion.navarra.es\/blogs\/noticias\/wp-json\/wp\/v2\/posts\/76\/revisions"}],"predecessor-version":[{"id":195,"href":"https:\/\/jmhuarte.educacion.navarra.es\/blogs\/noticias\/wp-json\/wp\/v2\/posts\/76\/revisions\/195"}],"wp:attachment":[{"href":"https:\/\/jmhuarte.educacion.navarra.es\/blogs\/noticias\/wp-json\/wp\/v2\/media?parent=76"}],"wp:term":[{"taxonomy":"category","embeddable":true,"href":"https:\/\/jmhuarte.educacion.navarra.es\/blogs\/noticias\/wp-json\/wp\/v2\/categories?post=76"},{"taxonomy":"post_tag","embeddable":true,"href":"https:\/\/jmhuarte.educacion.navarra.es\/blogs\/noticias\/wp-json\/wp\/v2\/tags?post=76"}],"curies":[{"name":"wp","href":"https:\/\/api.w.org\/{rel}","templated":true}]}}