{"id":25,"date":"2016-06-02T10:52:20","date_gmt":"2016-06-02T10:52:20","guid":{"rendered":"http:\/\/jmhuarte.educacion.navarra.es\/blogs\/noticias\/?p=25"},"modified":"2016-06-02T10:52:41","modified_gmt":"2016-06-02T10:52:41","slug":"fiesta-de-la-convivencia-familiar-y-escolar","status":"publish","type":"post","link":"https:\/\/jmhuarte.educacion.navarra.es\/blogs\/noticias\/2016\/06\/02\/fiesta-de-la-convivencia-familiar-y-escolar\/","title":{"rendered":"Fiesta de la Convivencia Familiar y Escolar"},"content":{"rendered":"<p>Os recordamos que la fiesta de la Convivencia Familiar y Escolar tendr\u00e1 lugar \u00e9ste s\u00e1bado d\u00eda 4 de junio de 11:00 a 19:30.<\/p>\n<p>El centro se cerrar\u00e1 de 13:30 a 16:00 durante la comida con las familias en el comedor.<\/p>\n<p>Habr\u00e1 m\u00fasica, sorteo de premios y un mont\u00f3n de hinchables.<\/p>\n<p>Os animamos a participar.<\/p>\n","protected":false},"excerpt":{"rendered":"<p>Os recordamos que la fiesta de la Convivencia Familiar y Escolar tendr\u00e1 lugar \u00e9ste s\u00e1bado d\u00eda 4 de junio de 11:00 a 19:30. El centro se cerrar\u00e1 de 13:30 a 16:00 durante la comida con las familias en el comedor. Habr\u00e1 m\u00fasica, sorteo de premios y un mont\u00f3n de hinchables. Os animamos a participar.<\/p>\n","protected":false},"author":1,"featured_media":0,"comment_status":"closed","ping_status":"open","sticky":false,"template":"","format":"standard","meta":[],"categories":[1],"tags":[],"_links":{"self":[{"href":"https:\/\/jmhuarte.educacion.navarra.es\/blogs\/noticias\/wp-json\/wp\/v2\/posts\/25"}],"collection":[{"href":"https:\/\/jmhuarte.educacion.navarra.es\/blogs\/noticias\/wp-json\/wp\/v2\/posts"}],"about":[{"href":"https:\/\/jmhuarte.educacion.navarra.es\/blogs\/noticias\/wp-json\/wp\/v2\/types\/post"}],"author":[{"embeddable":true,"href":"https:\/\/jmhuarte.educacion.navarra.es\/blogs\/noticias\/wp-json\/wp\/v2\/users\/1"}],"replies":[{"embeddable":true,"href":"https:\/\/jmhuarte.educacion.navarra.es\/blogs\/noticias\/wp-json\/wp\/v2\/comments?post=25"}],"version-history":[{"count":1,"href":"https:\/\/jmhuarte.educacion.navarra.es\/blogs\/noticias\/wp-json\/wp\/v2\/posts\/25\/revisions"}],"predecessor-version":[{"id":26,"href":"https:\/\/jmhuarte.educacion.navarra.es\/blogs\/noticias\/wp-json\/wp\/v2\/posts\/25\/revisions\/26"}],"wp:attachment":[{"href":"https:\/\/jmhuarte.educacion.navarra.es\/blogs\/noticias\/wp-json\/wp\/v2\/media?parent=25"}],"wp:term":[{"taxonomy":"category","embeddable":true,"href":"https:\/\/jmhuarte.educacion.navarra.es\/blogs\/noticias\/wp-json\/wp\/v2\/categories?post=25"},{"taxonomy":"post_tag","embeddable":true,"href":"https:\/\/jmhuarte.educacion.navarra.es\/blogs\/noticias\/wp-json\/wp\/v2\/tags?post=25"}],"curies":[{"name":"wp","href":"https:\/\/api.w.org\/{rel}","templated":true}]}}